{"id":195661,"date":"2026-03-13T14:16:26","date_gmt":"2026-03-13T20:16:26","guid":{"rendered":"https:\/\/canal7slp.tv\/2026\/autoridades-y-voluntarios-unen-fuerzas-para-combate-a-incendio-forestal\/"},"modified":"2026-03-13T14:16:47","modified_gmt":"2026-03-13T20:16:47","slug":"autoridades-y-voluntarios-unen-fuerzas-para-combate-a-incendio-forestal","status":"publish","type":"post","link":"https:\/\/canal7slp.tv\/2026\/autoridades-y-voluntarios-unen-fuerzas-para-combate-a-incendio-forestal\/","title":{"rendered":"Autoridades y Voluntarios Unen Fuerzas para Combate a Incendio Forestal"},"content":{"rendered":"<p>El incendio forestal en la comunidad de Francia Chica, ubicada en Ciudad del Ma\u00edz, contin\u00faa generando preocupaci\u00f3n entre las autoridades locales. La Coordinaci\u00f3n Estatal de Protecci\u00f3n Civil (CEPC) ha informado que este viernes se mantienen las labores para extinguir el fuego, que se inici\u00f3 la tarde del jueves. El siniestro ha requerido un esfuerzo conjunto de diversas instituciones y la participaci\u00f3n activa de voluntarios de la regi\u00f3n.<\/p>\n<p>Las autoridades han destacado la importancia del trabajo coordinado para enfrentar esta emergencia. Se han movilizado recursos humanos y materiales para contener el avance del fuego y minimizar su impacto en la vegetaci\u00f3n y en la comunidad. Se espera que las condiciones clim\u00e1ticas sean favorables para ayudar en las tareas de extinci\u00f3n, aunque se prev\u00e9 que la situaci\u00f3n sigue siendo cr\u00edtica.<\/p>\n<p>La CEPC ha instado a la poblaci\u00f3n a seguir las recomendaciones emitidas para evitar riesgos mayores. Adem\u00e1s, se han establecido medidas de monitoreo constante para evaluar el comportamiento del incendio y la posible afectaci\u00f3n a zonas cercanas. Las brigadas de combate han sido reforzadas y se encuentran en alerta para cualquier eventualidad que pueda surgir en las pr\u00f3ximas horas.<\/p>\n<p>Este evento resalta la importancia de la prevenci\u00f3n y la colaboraci\u00f3n comunitaria en la gesti\u00f3n de desastres. La poblaci\u00f3n ha reaccionado con solidaridad, ofreciendo su apoyo a las autoridades en las tareas de combate al fuego. A medida que avanzan las operaciones, las autoridades continuar\u00e1n informando sobre la evoluci\u00f3n del incidente y las acciones adoptadas para proteger la zona.<\/p>\n","protected":false},"excerpt":{"rendered":"<p>El incendio forestal en la comunidad de Francia Chica, ubicada en Ciudad del Ma\u00edz, contin\u00faa generando preocupaci\u00f3n entre las autoridades locales. La Coordinaci\u00f3n Estatal de Protecci\u00f3n Civil (CEPC) ha informado que este viernes se mantienen las labores para extinguir el fuego, que se inici\u00f3 la tarde del jueves. El siniestro ha requerido un esfuerzo conjunto de diversas instituciones y la participaci\u00f3n activa de voluntarios de la regi\u00f3n. Las autoridades han destacado la importancia del trabajo coordinado para enfrentar esta emergencia. Se han movilizado recursos humanos y materiales para contener el avance del fuego y minimizar su impacto en la vegetaci\u00f3n [&hellip;]<\/p>\n","protected":false},"author":2,"featured_media":195662,"comment_status":"closed","ping_status":"","sticky":false,"template":"","format":"standard","meta":{"_monsterinsights_skip_tracking":false,"_monsterinsights_sitenote_active":false,"_monsterinsights_sitenote_note":"","_monsterinsights_sitenote_category":0,"footnotes":""},"categories":[45],"tags":[],"class_list":["post-195661","post","type-post","status-publish","format-standard","has-post-thumbnail","hentry","category-localesyregionales","post--single"],"_links":{"self":[{"href":"https:\/\/canal7slp.tv\/2026\/wp-json\/wp\/v2\/posts\/195661","targetHints":{"allow":["GET"]}}],"collection":[{"href":"https:\/\/canal7slp.tv\/2026\/wp-json\/wp\/v2\/posts"}],"about":[{"href":"https:\/\/canal7slp.tv\/2026\/wp-json\/wp\/v2\/types\/post"}],"author":[{"embeddable":true,"href":"https:\/\/canal7slp.tv\/2026\/wp-json\/wp\/v2\/users\/2"}],"replies":[{"embeddable":true,"href":"https:\/\/canal7slp.tv\/2026\/wp-json\/wp\/v2\/comments?post=195661"}],"version-history":[{"count":1,"href":"https:\/\/canal7slp.tv\/2026\/wp-json\/wp\/v2\/posts\/195661\/revisions"}],"predecessor-version":[{"id":195663,"href":"https:\/\/canal7slp.tv\/2026\/wp-json\/wp\/v2\/posts\/195661\/revisions\/195663"}],"wp:featuredmedia":[{"embeddable":true,"href":"https:\/\/canal7slp.tv\/2026\/wp-json\/wp\/v2\/media\/195662"}],"wp:attachment":[{"href":"https:\/\/canal7slp.tv\/2026\/wp-json\/wp\/v2\/media?parent=195661"}],"wp:term":[{"taxonomy":"category","embeddable":true,"href":"https:\/\/canal7slp.tv\/2026\/wp-json\/wp\/v2\/categories?post=195661"},{"taxonomy":"post_tag","embeddable":true,"href":"https:\/\/canal7slp.tv\/2026\/wp-json\/wp\/v2\/tags?post=195661"}],"curies":[{"name":"wp","href":"https:\/\/api.w.org\/{rel}","templated":true}]}}