{"id":195658,"date":"2026-03-13T16:15:00","date_gmt":"2026-03-13T22:15:00","guid":{"rendered":"https:\/\/canal7slp.tv\/2026\/?p=195658"},"modified":"2026-03-13T14:15:30","modified_gmt":"2026-03-13T20:15:30","slug":"claudia-sheinbaum-mantiene-un-dialogo-abierto-con-productores-agricolas-ante-posibles-manifestaciones-en-el-mundial-2026","status":"publish","type":"post","link":"https:\/\/canal7slp.tv\/2026\/claudia-sheinbaum-mantiene-un-dialogo-abierto-con-productores-agricolas-ante-posibles-manifestaciones-en-el-mundial-2026\/","title":{"rendered":"Claudia Sheinbaum Mantiene un Di\u00e1logo Abierto con Productores Agr\u00edcolas ante Posibles Manifestaciones en el Mundial 2026"},"content":{"rendered":"<p>La jefa de Gobierno de la Ciudad de M\u00e9xico, Claudia Sheinbaum, mantiene un di\u00e1logo activo con los representantes de los trabajadores del campo ante las advertencias de posibles manifestaciones durante el Mundial 2026, cuyo desarrollo se anticipa con una significativa proyecci\u00f3n en el \u00e1mbito deportivo y cultural. Este contexto ha suscitado diversas reacciones entre las autoridades y los actores sociales involucrados, quienes buscan establecer un entendimiento que garantice la paz social y el orden p\u00fablico en el transcurso del evento deportivo m\u00e1s importante a nivel internacional.<\/p>\n<p>La mandataria capitalina ha subrayado la importancia de la comunicaci\u00f3n abierta y constructiva con los campesinos, quienes han expresado su preocupaci\u00f3n por la falta de atenci\u00f3n a sus demandas hist\u00f3ricas y las condiciones adversas que enfrentan en su labor diaria. En este sentido, Sheinbaum ha calificado el di\u00e1logo como una v\u00eda fundamental para abordar las inquietudes de este sector, reafirmando su compromiso con la justicia social y el bienestar de los trabajadores del campo. La percepci\u00f3n de que sus reivindicaciones pueden ser pasadas por alto durante la celebraci\u00f3n de un evento de tal magnitud es un factor que ha incentivado la visibilidad de estas problem\u00e1ticas de largo plazo.<\/p>\n<p>La gesticulaci\u00f3n pol\u00edtica en torno al Mundial 2026 no solo se limita a la interacci\u00f3n entre autoridades y productores, sino que tambi\u00e9n pone de relieve la urgencia de abordar temas relacionados con la precariedad en el sector agr\u00edcola y la falta de pol\u00edticas adecuadas que respalden a los trabajadores del campo. Es imperativo que el gobierno no solo escuche las demandas de estos grupos, sino que responda de manera efectiva con acciones que aseguren su dignidad y derechos laborales. En este contexto, el liderazgo de Claudia Sheinbaum se circunscribe a la posibilidad de que las futuras decisiones gubernamentales est\u00e9n alineadas con la realidad que enfrentan estos trabajadores.<\/p>\n<p>De este modo, el desenlace de las conversaciones entre el gobierno local y los productores agr\u00edcolas ser\u00e1 crucial no solo para evitar posibles protestas durante uno de los eventos m\u00e1s relevantes en el escenario deportivo internacional, sino tambi\u00e9n para sentar las bases de un di\u00e1logo fruct\u00edfero que permita atender de manera efectiva las problem\u00e1ticas que aquejan a este sector. La b\u00fasqueda de soluciones concretas y justas es un desaf\u00edo que podr\u00eda marcar el rumbo de las relaciones entre el Estado y los diferentes actores de la sociedad civil, en un contexto donde las exigencias sociales demandan atenci\u00f3n y respuesta inmediata.<\/p>\n","protected":false},"excerpt":{"rendered":"<p>La jefa de Gobierno de la Ciudad de M\u00e9xico, Claudia Sheinbaum, mantiene un di\u00e1logo activo con los representantes de los trabajadores del campo ante las advertencias de posibles manifestaciones durante el Mundial 2026, cuyo desarrollo se anticipa con una significativa proyecci\u00f3n en el \u00e1mbito deportivo y cultural. Este contexto ha suscitado diversas reacciones entre las autoridades y los actores sociales involucrados, quienes buscan establecer un entendimiento que garantice la paz social y el orden p\u00fablico en el transcurso del evento deportivo m\u00e1s importante a nivel internacional. La mandataria capitalina ha subrayado la importancia de la comunicaci\u00f3n abierta y constructiva con [&hellip;]<\/p>\n","protected":false},"author":2,"featured_media":195659,"comment_status":"closed","ping_status":"","sticky":false,"template":"","format":"standard","meta":{"_monsterinsights_skip_tracking":false,"_monsterinsights_sitenote_active":false,"_monsterinsights_sitenote_note":"","_monsterinsights_sitenote_category":0,"footnotes":""},"categories":[46],"tags":[],"class_list":["post-195658","post","type-post","status-publish","format-standard","has-post-thumbnail","hentry","category-nacional","post--single"],"_links":{"self":[{"href":"https:\/\/canal7slp.tv\/2026\/wp-json\/wp\/v2\/posts\/195658","targetHints":{"allow":["GET"]}}],"collection":[{"href":"https:\/\/canal7slp.tv\/2026\/wp-json\/wp\/v2\/posts"}],"about":[{"href":"https:\/\/canal7slp.tv\/2026\/wp-json\/wp\/v2\/types\/post"}],"author":[{"embeddable":true,"href":"https:\/\/canal7slp.tv\/2026\/wp-json\/wp\/v2\/users\/2"}],"replies":[{"embeddable":true,"href":"https:\/\/canal7slp.tv\/2026\/wp-json\/wp\/v2\/comments?post=195658"}],"version-history":[{"count":1,"href":"https:\/\/canal7slp.tv\/2026\/wp-json\/wp\/v2\/posts\/195658\/revisions"}],"predecessor-version":[{"id":195660,"href":"https:\/\/canal7slp.tv\/2026\/wp-json\/wp\/v2\/posts\/195658\/revisions\/195660"}],"wp:featuredmedia":[{"embeddable":true,"href":"https:\/\/canal7slp.tv\/2026\/wp-json\/wp\/v2\/media\/195659"}],"wp:attachment":[{"href":"https:\/\/canal7slp.tv\/2026\/wp-json\/wp\/v2\/media?parent=195658"}],"wp:term":[{"taxonomy":"category","embeddable":true,"href":"https:\/\/canal7slp.tv\/2026\/wp-json\/wp\/v2\/categories?post=195658"},{"taxonomy":"post_tag","embeddable":true,"href":"https:\/\/canal7slp.tv\/2026\/wp-json\/wp\/v2\/tags?post=195658"}],"curies":[{"name":"wp","href":"https:\/\/api.w.org\/{rel}","templated":true}]}}