{"id":195655,"date":"2026-03-13T15:14:00","date_gmt":"2026-03-13T21:14:00","guid":{"rendered":"https:\/\/canal7slp.tv\/2026\/?p=195655"},"modified":"2026-03-13T14:14:30","modified_gmt":"2026-03-13T20:14:30","slug":"la-scjn-permite-cambio-de-acta-de-nacimiento-para-infancias-trans","status":"publish","type":"post","link":"https:\/\/canal7slp.tv\/2026\/la-scjn-permite-cambio-de-acta-de-nacimiento-para-infancias-trans\/","title":{"rendered":"La SCJN permite cambio de acta de nacimiento para infancias trans"},"content":{"rendered":"<p>La Suprema Corte de Justicia de la Naci\u00f3n (SCJN) ha tomado una decisi\u00f3n importante respecto a los derechos de las infancias trans. En un fallo reciente, se dictamin\u00f3 que los menores tienen el derecho a rectificar su acta de nacimiento para que esta refleje su identidad. Este pronunciamiento establece un precedente significativo en la defensa de los derechos humanos de las personas con identidad de g\u00e9nero diversa.<\/p>\n<p>La SCJN ha instruido al Congreso del Estado de Guerrero para que, en un per\u00edodo no mayor a 12 meses, elabore una regulaci\u00f3n que facilite un procedimiento registral que respete el derecho a la identidad. Esto implica que se deber\u00e1 establecer un marco legal que permita a los menores y sus familias realizar el cambio de datos en el registro civil sin complicaciones adicionales y con total respeto a la identidad de los infantes.<\/p>\n<p>El fallo responde a la necesidad de adaptar las legislaciones a los nuevos entendimientos sobre identidad de g\u00e9nero y derechos humanos. Con esta acci\u00f3n, la SCJN busca promover un entorno m\u00e1s inclusivo y respetuoso hacia las diversidades en el \u00e1mbito legislativo y administrativo. Se espera que otros estados sigan este ejemplo para garantizar los derechos de todas las infancias en M\u00e9xico.<\/p>\n<p>La decisi\u00f3n de la SCJN representa un avance hacia la equidad y el reconocimiento de los derechos de las personas trans. Este paso es fundamental para asegurar que todos los ciudadanos, independientemente de su identidad de g\u00e9nero, tengan acceso a los mismos derechos b\u00e1sicos y oportunidades en la sociedad.<\/p>\n","protected":false},"excerpt":{"rendered":"<p>La Suprema Corte de Justicia de la Naci\u00f3n (SCJN) ha tomado una decisi\u00f3n importante respecto a los derechos de las infancias trans. En un fallo reciente, se dictamin\u00f3 que los menores tienen el derecho a rectificar su acta de nacimiento para que esta refleje su identidad. Este pronunciamiento establece un precedente significativo en la defensa de los derechos humanos de las personas con identidad de g\u00e9nero diversa. La SCJN ha instruido al Congreso del Estado de Guerrero para que, en un per\u00edodo no mayor a 12 meses, elabore una regulaci\u00f3n que facilite un procedimiento registral que respete el derecho a [&hellip;]<\/p>\n","protected":false},"author":2,"featured_media":195656,"comment_status":"closed","ping_status":"","sticky":false,"template":"","format":"standard","meta":{"_monsterinsights_skip_tracking":false,"_monsterinsights_sitenote_active":false,"_monsterinsights_sitenote_note":"","_monsterinsights_sitenote_category":0,"footnotes":""},"categories":[46],"tags":[],"class_list":["post-195655","post","type-post","status-publish","format-standard","has-post-thumbnail","hentry","category-nacional","post--single"],"_links":{"self":[{"href":"https:\/\/canal7slp.tv\/2026\/wp-json\/wp\/v2\/posts\/195655","targetHints":{"allow":["GET"]}}],"collection":[{"href":"https:\/\/canal7slp.tv\/2026\/wp-json\/wp\/v2\/posts"}],"about":[{"href":"https:\/\/canal7slp.tv\/2026\/wp-json\/wp\/v2\/types\/post"}],"author":[{"embeddable":true,"href":"https:\/\/canal7slp.tv\/2026\/wp-json\/wp\/v2\/users\/2"}],"replies":[{"embeddable":true,"href":"https:\/\/canal7slp.tv\/2026\/wp-json\/wp\/v2\/comments?post=195655"}],"version-history":[{"count":1,"href":"https:\/\/canal7slp.tv\/2026\/wp-json\/wp\/v2\/posts\/195655\/revisions"}],"predecessor-version":[{"id":195657,"href":"https:\/\/canal7slp.tv\/2026\/wp-json\/wp\/v2\/posts\/195655\/revisions\/195657"}],"wp:featuredmedia":[{"embeddable":true,"href":"https:\/\/canal7slp.tv\/2026\/wp-json\/wp\/v2\/media\/195656"}],"wp:attachment":[{"href":"https:\/\/canal7slp.tv\/2026\/wp-json\/wp\/v2\/media?parent=195655"}],"wp:term":[{"taxonomy":"category","embeddable":true,"href":"https:\/\/canal7slp.tv\/2026\/wp-json\/wp\/v2\/categories?post=195655"},{"taxonomy":"post_tag","embeddable":true,"href":"https:\/\/canal7slp.tv\/2026\/wp-json\/wp\/v2\/tags?post=195655"}],"curies":[{"name":"wp","href":"https:\/\/api.w.org\/{rel}","templated":true}]}}