{"id":195637,"date":"2026-03-13T12:31:32","date_gmt":"2026-03-13T18:31:32","guid":{"rendered":"https:\/\/canal7slp.tv\/2026\/?p=195637"},"modified":"2026-03-13T12:31:32","modified_gmt":"2026-03-13T18:31:32","slug":"labores-de-cuidado-de-impacto-notorio-en-la-economia-de-las-mujeres","status":"publish","type":"post","link":"https:\/\/canal7slp.tv\/2026\/labores-de-cuidado-de-impacto-notorio-en-la-economia-de-las-mujeres\/","title":{"rendered":"Labores de cuidado, de impacto notorio en la econom\u00eda de las mujeres"},"content":{"rendered":"<p>Las labores de cuidado, que recaen principalmente en las mujeres en M\u00e9xico, obstaculizan su movilidad social -es decir, las posibilidades para avanzar en su situaci\u00f3n econ\u00f3mica y en algunos casos, salir de la pobreza-.<\/p>\n<p>Ello, seg\u00fan el informe del Centro de Estudios Espinosa Yglesias (CEEY).<\/p>\n<p>Desde el informe Movilidad Social y Cuidados, se record\u00f3 que en M\u00e9xico, la movilidad social es baja&#8230; pero para las mujeres todav\u00eda m\u00e1s ante obst\u00e1culos que se enfrentan por el g\u00e9nero -como es el de cuidados-.<\/p>\n<p>Se ha revelado que 76 de cada 100 personas que cuidan en M\u00e9xico -sea a menores de edad, personas enfermas o personas de la tercera edad- son mujeres.<\/p>\n<p>Entre quienes provienen de 40 por ciento de los hogares con menos recursos, 73 por ciento de las personas que realizan labores de cuidados permanecen en grupos de menor recurso econ\u00f3mico, frente 64 por ciento de quienes no realizan labores.<\/p>\n<p>Se ha recordado que aquellos que cuidan, tienen menores oportunidades educativas; adem\u00e1s del efecto en la salud mental de los que realizan esta actividad -en su mayor\u00eda, no remunerada-.<\/p>\n<p>Entre las afectaciones a la salud mental est\u00e1 sentir que todo es un gran esfuerzo, problemas de concentraci\u00f3n, tristeza, falta de esperanza y no dormir bien.<\/p>\n","protected":false},"excerpt":{"rendered":"<p>Las labores de cuidado, que recaen principalmente en las mujeres en M\u00e9xico, obstaculizan su movilidad social -es decir, las posibilidades para avanzar en su situaci\u00f3n econ\u00f3mica y en algunos casos, salir de la pobreza-. Ello, seg\u00fan el informe del Centro de Estudios Espinosa Yglesias (CEEY). Desde el informe Movilidad Social y Cuidados, se record\u00f3 que en M\u00e9xico, la movilidad social es baja&#8230; pero para las mujeres todav\u00eda m\u00e1s ante obst\u00e1culos que se enfrentan por el g\u00e9nero -como es el de cuidados-. Se ha revelado que 76 de cada 100 personas que cuidan en M\u00e9xico -sea a menores de edad, personas [&hellip;]<\/p>\n","protected":false},"author":1,"featured_media":195638,"comment_status":"closed","ping_status":"closed","sticky":false,"template":"","format":"video","meta":{"_monsterinsights_skip_tracking":false,"_monsterinsights_sitenote_active":false,"_monsterinsights_sitenote_note":"","_monsterinsights_sitenote_category":0,"footnotes":""},"categories":[5,46],"tags":[],"class_list":["post-195637","post","type-post","status-publish","format-video","has-post-thumbnail","hentry","category-destacadas","category-nacional","post_format-post-format-video","post--single"],"_links":{"self":[{"href":"https:\/\/canal7slp.tv\/2026\/wp-json\/wp\/v2\/posts\/195637","targetHints":{"allow":["GET"]}}],"collection":[{"href":"https:\/\/canal7slp.tv\/2026\/wp-json\/wp\/v2\/posts"}],"about":[{"href":"https:\/\/canal7slp.tv\/2026\/wp-json\/wp\/v2\/types\/post"}],"author":[{"embeddable":true,"href":"https:\/\/canal7slp.tv\/2026\/wp-json\/wp\/v2\/users\/1"}],"replies":[{"embeddable":true,"href":"https:\/\/canal7slp.tv\/2026\/wp-json\/wp\/v2\/comments?post=195637"}],"version-history":[{"count":1,"href":"https:\/\/canal7slp.tv\/2026\/wp-json\/wp\/v2\/posts\/195637\/revisions"}],"predecessor-version":[{"id":195639,"href":"https:\/\/canal7slp.tv\/2026\/wp-json\/wp\/v2\/posts\/195637\/revisions\/195639"}],"wp:featuredmedia":[{"embeddable":true,"href":"https:\/\/canal7slp.tv\/2026\/wp-json\/wp\/v2\/media\/195638"}],"wp:attachment":[{"href":"https:\/\/canal7slp.tv\/2026\/wp-json\/wp\/v2\/media?parent=195637"}],"wp:term":[{"taxonomy":"category","embeddable":true,"href":"https:\/\/canal7slp.tv\/2026\/wp-json\/wp\/v2\/categories?post=195637"},{"taxonomy":"post_tag","embeddable":true,"href":"https:\/\/canal7slp.tv\/2026\/wp-json\/wp\/v2\/tags?post=195637"}],"curies":[{"name":"wp","href":"https:\/\/api.w.org\/{rel}","templated":true}]}}