{"id":195610,"date":"2026-03-13T10:29:13","date_gmt":"2026-03-13T16:29:13","guid":{"rendered":"https:\/\/canal7slp.tv\/2026\/claudia-sheinbaum-anuncia-comunicado-conjunto-por-la-paz-en-iran\/"},"modified":"2026-03-13T10:29:32","modified_gmt":"2026-03-13T16:29:32","slug":"claudia-sheinbaum-anuncia-comunicado-conjunto-por-la-paz-en-iran","status":"publish","type":"post","link":"https:\/\/canal7slp.tv\/2026\/claudia-sheinbaum-anuncia-comunicado-conjunto-por-la-paz-en-iran\/","title":{"rendered":"Claudia Sheinbaum anuncia comunicado conjunto por la paz en Ir\u00e1n"},"content":{"rendered":"<p>La presidenta de M\u00e9xico, Claudia Sheinbaum, ha anunciado la pr\u00f3xima publicaci\u00f3n de un comunicado conjunto entre M\u00e9xico, Colombia y Brasil. Este comunicado tiene como objetivo solicitar el cese al fuego y promover la paz en Ir\u00e1n. La declaraci\u00f3n se efect\u00faa en un contexto de creciente preocupaci\u00f3n internacional sobre la situaci\u00f3n en ese pa\u00eds.<\/p>\n<p>Sheinbaum destac\u00f3 la importancia de la cooperaci\u00f3n entre naciones en asuntos de paz y seguridad. Este esfuerzo trilateral se enmarca en la pol\u00edtica exterior de M\u00e9xico, que busca mediar en conflictos y abogar por soluciones pac\u00edficas. La participaci\u00f3n de Colombia y Brasil refuerza la unidad de Am\u00e9rica Latina en la toma de posiciones sobre crisis globales.<\/p>\n<p>El comunicado se publicar\u00e1 hoy, aunque los detalles espec\u00edficos del mismo a\u00fan no han sido revelados. La presidenta se comprometi\u00f3 a proporcionar m\u00e1s informaci\u00f3n a medida que est\u00e9 disponible. Los gobiernos de los tres pa\u00edses trabajan en conjunto para abordar esta situaci\u00f3n cr\u00edtica e instar al restablecimiento del di\u00e1logo.<\/p>\n<p>Este anuncio llega en un momento en que la comunidad internacional observa con preocupaci\u00f3n el devenir de los acontecimientos en Ir\u00e1n. La solicitud de paz y cese al fuego es un paso importante para buscar soluciones diplom\u00e1ticas en un escenario de tensi\u00f3n.<\/p>\n","protected":false},"excerpt":{"rendered":"<p>La presidenta de M\u00e9xico, Claudia Sheinbaum, ha anunciado la pr\u00f3xima publicaci\u00f3n de un comunicado conjunto entre M\u00e9xico, Colombia y Brasil. Este comunicado tiene como objetivo solicitar el cese al fuego y promover la paz en Ir\u00e1n. La declaraci\u00f3n se efect\u00faa en un contexto de creciente preocupaci\u00f3n internacional sobre la situaci\u00f3n en ese pa\u00eds. Sheinbaum destac\u00f3 la importancia de la cooperaci\u00f3n entre naciones en asuntos de paz y seguridad. Este esfuerzo trilateral se enmarca en la pol\u00edtica exterior de M\u00e9xico, que busca mediar en conflictos y abogar por soluciones pac\u00edficas. La participaci\u00f3n de Colombia y Brasil refuerza la unidad de Am\u00e9rica [&hellip;]<\/p>\n","protected":false},"author":2,"featured_media":195611,"comment_status":"closed","ping_status":"","sticky":false,"template":"","format":"standard","meta":{"_monsterinsights_skip_tracking":false,"_monsterinsights_sitenote_active":false,"_monsterinsights_sitenote_note":"","_monsterinsights_sitenote_category":0,"footnotes":""},"categories":[46],"tags":[],"class_list":["post-195610","post","type-post","status-publish","format-standard","has-post-thumbnail","hentry","category-nacional","post--single"],"_links":{"self":[{"href":"https:\/\/canal7slp.tv\/2026\/wp-json\/wp\/v2\/posts\/195610","targetHints":{"allow":["GET"]}}],"collection":[{"href":"https:\/\/canal7slp.tv\/2026\/wp-json\/wp\/v2\/posts"}],"about":[{"href":"https:\/\/canal7slp.tv\/2026\/wp-json\/wp\/v2\/types\/post"}],"author":[{"embeddable":true,"href":"https:\/\/canal7slp.tv\/2026\/wp-json\/wp\/v2\/users\/2"}],"replies":[{"embeddable":true,"href":"https:\/\/canal7slp.tv\/2026\/wp-json\/wp\/v2\/comments?post=195610"}],"version-history":[{"count":1,"href":"https:\/\/canal7slp.tv\/2026\/wp-json\/wp\/v2\/posts\/195610\/revisions"}],"predecessor-version":[{"id":195612,"href":"https:\/\/canal7slp.tv\/2026\/wp-json\/wp\/v2\/posts\/195610\/revisions\/195612"}],"wp:featuredmedia":[{"embeddable":true,"href":"https:\/\/canal7slp.tv\/2026\/wp-json\/wp\/v2\/media\/195611"}],"wp:attachment":[{"href":"https:\/\/canal7slp.tv\/2026\/wp-json\/wp\/v2\/media?parent=195610"}],"wp:term":[{"taxonomy":"category","embeddable":true,"href":"https:\/\/canal7slp.tv\/2026\/wp-json\/wp\/v2\/categories?post=195610"},{"taxonomy":"post_tag","embeddable":true,"href":"https:\/\/canal7slp.tv\/2026\/wp-json\/wp\/v2\/tags?post=195610"}],"curies":[{"name":"wp","href":"https:\/\/api.w.org\/{rel}","templated":true}]}}