{"id":195604,"date":"2026-03-13T09:43:33","date_gmt":"2026-03-13T15:43:33","guid":{"rendered":"https:\/\/canal7slp.tv\/2026\/fallece-el-padre-del-futbolista-raul-jimenez-a-los-62-anos\/"},"modified":"2026-03-13T09:43:37","modified_gmt":"2026-03-13T15:43:37","slug":"fallece-el-padre-del-futbolista-raul-jimenez-a-los-62-anos","status":"publish","type":"post","link":"https:\/\/canal7slp.tv\/2026\/fallece-el-padre-del-futbolista-raul-jimenez-a-los-62-anos\/","title":{"rendered":"Fallece el padre del futbolista Ra\u00fal Jim\u00e9nez a los 62 a\u00f1os"},"content":{"rendered":"<p>Ra\u00fal Jim\u00e9nez, delantero mexicano que actualmente juega en el Wolverhampton Wanderers, enfrenta una dif\u00edcil etapa personal tras el fallecimiento de su padre. El deceso se produjo a los 62 a\u00f1os de edad como resultado de un c\u00e1ncer de p\u00e1ncreas, enfermedad que padec\u00eda desde hace tiempo.<\/p>\n<p>La noticia ha sido recibida con consternaci\u00f3n tanto por parte de sus seguidores, como por sus compa\u00f1eros de equipo y la comunidad futbol\u00edstica en general. Este hecho marca un duro golpe en la vida del futbolista, quien se ha destacado por su rendimiento en diversas competiciones internacionales y a nivel de clubes.<\/p>\n<p>Jim\u00e9nez ha mantenido un perfil bajo respecto a su vida personal, pero se ha dejado ver en m\u00faltiples ocasiones expresando su cercan\u00eda con su familia. El apoyo de su entorno ser\u00e1 crucial en estos momentos dif\u00edciles. Por su parte, sus compa\u00f1eros de selecci\u00f3n y otros deportistas han comenzado a ofrecer sus condolencias a trav\u00e9s de redes sociales y otros medios.<\/p>\n<p>El fallecimiento de un ser querido siempre conlleva un impacto significativo. Ra\u00fal Jim\u00e9nez deber\u00e1 enfrentar ahora el reto de equilibrar su vida profesional con el proceso de duelo. Su comunidad deportiva espera verle regresar a los campos en un futuro cercano, pero por ahora, las prioridades son diferentes.<\/p>\n","protected":false},"excerpt":{"rendered":"<p>Ra\u00fal Jim\u00e9nez, delantero mexicano que actualmente juega en el Wolverhampton Wanderers, enfrenta una dif\u00edcil etapa personal tras el fallecimiento de su padre. El deceso se produjo a los 62 a\u00f1os de edad como resultado de un c\u00e1ncer de p\u00e1ncreas, enfermedad que padec\u00eda desde hace tiempo. La noticia ha sido recibida con consternaci\u00f3n tanto por parte de sus seguidores, como por sus compa\u00f1eros de equipo y la comunidad futbol\u00edstica en general. Este hecho marca un duro golpe en la vida del futbolista, quien se ha destacado por su rendimiento en diversas competiciones internacionales y a nivel de clubes. Jim\u00e9nez ha mantenido [&hellip;]<\/p>\n","protected":false},"author":2,"featured_media":195605,"comment_status":"closed","ping_status":"","sticky":false,"template":"","format":"standard","meta":{"_monsterinsights_skip_tracking":false,"_monsterinsights_sitenote_active":false,"_monsterinsights_sitenote_note":"","_monsterinsights_sitenote_category":0,"footnotes":""},"categories":[7],"tags":[],"class_list":["post-195604","post","type-post","status-publish","format-standard","has-post-thumbnail","hentry","category-deportes","post--single"],"_links":{"self":[{"href":"https:\/\/canal7slp.tv\/2026\/wp-json\/wp\/v2\/posts\/195604","targetHints":{"allow":["GET"]}}],"collection":[{"href":"https:\/\/canal7slp.tv\/2026\/wp-json\/wp\/v2\/posts"}],"about":[{"href":"https:\/\/canal7slp.tv\/2026\/wp-json\/wp\/v2\/types\/post"}],"author":[{"embeddable":true,"href":"https:\/\/canal7slp.tv\/2026\/wp-json\/wp\/v2\/users\/2"}],"replies":[{"embeddable":true,"href":"https:\/\/canal7slp.tv\/2026\/wp-json\/wp\/v2\/comments?post=195604"}],"version-history":[{"count":1,"href":"https:\/\/canal7slp.tv\/2026\/wp-json\/wp\/v2\/posts\/195604\/revisions"}],"predecessor-version":[{"id":195606,"href":"https:\/\/canal7slp.tv\/2026\/wp-json\/wp\/v2\/posts\/195604\/revisions\/195606"}],"wp:featuredmedia":[{"embeddable":true,"href":"https:\/\/canal7slp.tv\/2026\/wp-json\/wp\/v2\/media\/195605"}],"wp:attachment":[{"href":"https:\/\/canal7slp.tv\/2026\/wp-json\/wp\/v2\/media?parent=195604"}],"wp:term":[{"taxonomy":"category","embeddable":true,"href":"https:\/\/canal7slp.tv\/2026\/wp-json\/wp\/v2\/categories?post=195604"},{"taxonomy":"post_tag","embeddable":true,"href":"https:\/\/canal7slp.tv\/2026\/wp-json\/wp\/v2\/tags?post=195604"}],"curies":[{"name":"wp","href":"https:\/\/api.w.org\/{rel}","templated":true}]}}