{"id":195601,"date":"2026-03-13T09:35:09","date_gmt":"2026-03-13T15:35:09","guid":{"rendered":"https:\/\/canal7slp.tv\/2026\/calendario-de-pagos-de-pension-bienestar-hoy-se-efectua-la-entrega-a-beneficiarios-especificos\/"},"modified":"2026-03-13T09:35:28","modified_gmt":"2026-03-13T15:35:28","slug":"calendario-de-pagos-de-pension-bienestar-hoy-se-efectua-la-entrega-a-beneficiarios-especificos","status":"publish","type":"post","link":"https:\/\/canal7slp.tv\/2026\/calendario-de-pagos-de-pension-bienestar-hoy-se-efectua-la-entrega-a-beneficiarios-especificos\/","title":{"rendered":"Calendario de Pagos de Pensi\u00f3n Bienestar: Hoy se Efect\u00faa la Entrega a Beneficiarios Espec\u00edficos"},"content":{"rendered":"<p>El 13 de marzo del presente a\u00f1o se ha convertido en una jornada significativa para los beneficiarios de los Programas para el Bienestar, quienes, de acuerdo con el calendario establecido por las autoridades, recibir\u00e1n su apoyo econ\u00f3mico correspondiente al bimestre de marzo-abril. Este impulso financiero tiene como objetivo fortalecer la condici\u00f3n social y econ\u00f3mica de diversos sectores de la poblaci\u00f3n, especialmente aquellos en situaci\u00f3n de vulnerabilidad. La entrega de estas pensiones es un pilar fundamental en la estrategia de bienestar social del gobierno, el cual busca mitigar los efectos adversos que la desigualdad y la pobreza desempe\u00f1an en la vida diaria de los ciudadanos.<\/p>\n<p>Los beneficiarios que se encuentran en la lista de apellidos que recibir\u00e1n su pensi\u00f3n hoy no solo son el reflejo de la diversidad que caracteriza a nuestra sociedad, sino que tambi\u00e9n representan a aquellos que han enfrentado hist\u00f3ricas adversidades. Al proporcionarles un ingreso regular, el Programa de Pensi\u00f3n Bienestar se erige como un instrumento de inclusi\u00f3n, garantizando el acceso a recursos que permiten cubrir necesidades b\u00e1sicas y contribuir a la dignidad de sus receptores. Este tipo de pol\u00edticas p\u00fablicas se fundamentan en un enfoque de derechos, donde el estado asume la responsabilidad de asegurar que todos los ciudadanos tengan una calidad de vida aceptable, en concordancia con los principios de justicia social que deben prevalecer en una democracia.<\/p>\n<p>Por otra parte, es fundamental se\u00f1alar que la implementaci\u00f3n efectiva de estos programas requiere de un monitoreo continuo y de la evaluaci\u00f3n de su impacto en la poblaci\u00f3n beneficiaria. Las cifras y los relatos de quienes reciben estos apoyos econ\u00f3micos son testimonio del cambio que se puede generar a partir de una pol\u00edtica p\u00fablica bien fundamentada. La transparencia en el proceso de entrega y la constante comunicaci\u00f3n entre el gobierno y los ciudadanos son aspectos que deben ser reforzados, garantizando que los recursos lleguen a quienes verdaderamente los necesitan.<\/p>\n<p>En conclusi\u00f3n, la jornada del 13 de marzo es un recordatorio no solo de la importancia de las pensiones del Programa Bienestar, sino tambi\u00e9n del compromiso que debe sostenerse con aquellos segmentos de la poblaci\u00f3n que requieren atenci\u00f3n y apoyo. Los resultados de estas pol\u00edticas deben ser evaluados a la luz de la eficacia en la mejora de la calidad de vida de los beneficiarios y del cumplimiento de los objetivos de desarrollo sostenibles que nuestro pa\u00eds se ha propuesto alcanzar. En \u00faltima instancia, se trata de construir una sociedad m\u00e1s equitativa, donde cada individuo tenga la oportunidad de vivir con dignidad y seguridad.<\/p>\n","protected":false},"excerpt":{"rendered":"<p>El 13 de marzo del presente a\u00f1o se ha convertido en una jornada significativa para los beneficiarios de los Programas para el Bienestar, quienes, de acuerdo con el calendario establecido por las autoridades, recibir\u00e1n su apoyo econ\u00f3mico correspondiente al bimestre de marzo-abril. Este impulso financiero tiene como objetivo fortalecer la condici\u00f3n social y econ\u00f3mica de diversos sectores de la poblaci\u00f3n, especialmente aquellos en situaci\u00f3n de vulnerabilidad. La entrega de estas pensiones es un pilar fundamental en la estrategia de bienestar social del gobierno, el cual busca mitigar los efectos adversos que la desigualdad y la pobreza desempe\u00f1an en la vida [&hellip;]<\/p>\n","protected":false},"author":2,"featured_media":195602,"comment_status":"closed","ping_status":"","sticky":false,"template":"","format":"standard","meta":{"_monsterinsights_skip_tracking":false,"_monsterinsights_sitenote_active":false,"_monsterinsights_sitenote_note":"","_monsterinsights_sitenote_category":0,"footnotes":""},"categories":[46],"tags":[],"class_list":["post-195601","post","type-post","status-publish","format-standard","has-post-thumbnail","hentry","category-nacional","post--single"],"_links":{"self":[{"href":"https:\/\/canal7slp.tv\/2026\/wp-json\/wp\/v2\/posts\/195601","targetHints":{"allow":["GET"]}}],"collection":[{"href":"https:\/\/canal7slp.tv\/2026\/wp-json\/wp\/v2\/posts"}],"about":[{"href":"https:\/\/canal7slp.tv\/2026\/wp-json\/wp\/v2\/types\/post"}],"author":[{"embeddable":true,"href":"https:\/\/canal7slp.tv\/2026\/wp-json\/wp\/v2\/users\/2"}],"replies":[{"embeddable":true,"href":"https:\/\/canal7slp.tv\/2026\/wp-json\/wp\/v2\/comments?post=195601"}],"version-history":[{"count":1,"href":"https:\/\/canal7slp.tv\/2026\/wp-json\/wp\/v2\/posts\/195601\/revisions"}],"predecessor-version":[{"id":195603,"href":"https:\/\/canal7slp.tv\/2026\/wp-json\/wp\/v2\/posts\/195601\/revisions\/195603"}],"wp:featuredmedia":[{"embeddable":true,"href":"https:\/\/canal7slp.tv\/2026\/wp-json\/wp\/v2\/media\/195602"}],"wp:attachment":[{"href":"https:\/\/canal7slp.tv\/2026\/wp-json\/wp\/v2\/media?parent=195601"}],"wp:term":[{"taxonomy":"category","embeddable":true,"href":"https:\/\/canal7slp.tv\/2026\/wp-json\/wp\/v2\/categories?post=195601"},{"taxonomy":"post_tag","embeddable":true,"href":"https:\/\/canal7slp.tv\/2026\/wp-json\/wp\/v2\/tags?post=195601"}],"curies":[{"name":"wp","href":"https:\/\/api.w.org\/{rel}","templated":true}]}}