{"id":195592,"date":"2026-03-13T07:36:30","date_gmt":"2026-03-13T13:36:30","guid":{"rendered":"https:\/\/canal7slp.tv\/2026\/encuentro-entre-rodriguez-y-petro-se-suspende-por-riesgos-de-seguridad\/"},"modified":"2026-03-13T07:36:34","modified_gmt":"2026-03-13T13:36:34","slug":"encuentro-entre-rodriguez-y-petro-se-suspende-por-riesgos-de-seguridad","status":"publish","type":"post","link":"https:\/\/canal7slp.tv\/2026\/encuentro-entre-rodriguez-y-petro-se-suspende-por-riesgos-de-seguridad\/","title":{"rendered":"Encuentro entre Rodr\u00edguez y Petro se suspende por riesgos de seguridad"},"content":{"rendered":"<p>Delcy Rodr\u00edguez, vicepresidenta de Venezuela, ha cancelado su visita al presidente colombiano Gustavo Petro. La decisi\u00f3n se ha tomado en funci\u00f3n de razones de seguridad. La reuni\u00f3n iba a servir como plataforma para discutir asuntos graves, incluido el incremento del narcotr\u00e1fico en Latinoam\u00e9rica. <\/p>\n<p>Este encuentro era considerado crucial debido a la creciente preocupaci\u00f3n por el tr\u00e1fico de drogas en la regi\u00f3n. Ambos l\u00edderes hab\u00edan manifestado su compromiso de cooperar en la lucha contra este flagelo. Sin embargo, la ausencia de Rodr\u00edguez podr\u00eda complicar estos esfuerzos conjuntos.<\/p>\n<p>La situaci\u00f3n de seguridad en la zona es delicada. Las autoridades colombianas han intensificado sus operaciones contra los grupos narcotraficantes en las \u00faltimas semanas. La cancelaci\u00f3n de la visita se da en un contexto de tensiones pol\u00edticas y de seguridad entre ambos pa\u00edses.<\/p>\n<p>Aunque no se han ofrecido m\u00e1s detalles sobre las circunstancias que llevaron a esta decisi\u00f3n, la situaci\u00f3n requiere atenci\u00f3n inmediata. Los gobiernos de Colombia y Venezuela deber\u00e1n encontrar alternativas para tratar los problemas que afectan a la regi\u00f3n.<\/p>\n","protected":false},"excerpt":{"rendered":"<p>Delcy Rodr\u00edguez, vicepresidenta de Venezuela, ha cancelado su visita al presidente colombiano Gustavo Petro. La decisi\u00f3n se ha tomado en funci\u00f3n de razones de seguridad. La reuni\u00f3n iba a servir como plataforma para discutir asuntos graves, incluido el incremento del narcotr\u00e1fico en Latinoam\u00e9rica. Este encuentro era considerado crucial debido a la creciente preocupaci\u00f3n por el tr\u00e1fico de drogas en la regi\u00f3n. Ambos l\u00edderes hab\u00edan manifestado su compromiso de cooperar en la lucha contra este flagelo. Sin embargo, la ausencia de Rodr\u00edguez podr\u00eda complicar estos esfuerzos conjuntos. La situaci\u00f3n de seguridad en la zona es delicada. Las autoridades colombianas han intensificado [&hellip;]<\/p>\n","protected":false},"author":2,"featured_media":195593,"comment_status":"closed","ping_status":"","sticky":false,"template":"","format":"standard","meta":{"_monsterinsights_skip_tracking":false,"_monsterinsights_sitenote_active":false,"_monsterinsights_sitenote_note":"","_monsterinsights_sitenote_category":0,"footnotes":""},"categories":[44],"tags":[],"class_list":["post-195592","post","type-post","status-publish","format-standard","has-post-thumbnail","hentry","category-internacional","post--single"],"_links":{"self":[{"href":"https:\/\/canal7slp.tv\/2026\/wp-json\/wp\/v2\/posts\/195592","targetHints":{"allow":["GET"]}}],"collection":[{"href":"https:\/\/canal7slp.tv\/2026\/wp-json\/wp\/v2\/posts"}],"about":[{"href":"https:\/\/canal7slp.tv\/2026\/wp-json\/wp\/v2\/types\/post"}],"author":[{"embeddable":true,"href":"https:\/\/canal7slp.tv\/2026\/wp-json\/wp\/v2\/users\/2"}],"replies":[{"embeddable":true,"href":"https:\/\/canal7slp.tv\/2026\/wp-json\/wp\/v2\/comments?post=195592"}],"version-history":[{"count":1,"href":"https:\/\/canal7slp.tv\/2026\/wp-json\/wp\/v2\/posts\/195592\/revisions"}],"predecessor-version":[{"id":195594,"href":"https:\/\/canal7slp.tv\/2026\/wp-json\/wp\/v2\/posts\/195592\/revisions\/195594"}],"wp:featuredmedia":[{"embeddable":true,"href":"https:\/\/canal7slp.tv\/2026\/wp-json\/wp\/v2\/media\/195593"}],"wp:attachment":[{"href":"https:\/\/canal7slp.tv\/2026\/wp-json\/wp\/v2\/media?parent=195592"}],"wp:term":[{"taxonomy":"category","embeddable":true,"href":"https:\/\/canal7slp.tv\/2026\/wp-json\/wp\/v2\/categories?post=195592"},{"taxonomy":"post_tag","embeddable":true,"href":"https:\/\/canal7slp.tv\/2026\/wp-json\/wp\/v2\/tags?post=195592"}],"curies":[{"name":"wp","href":"https:\/\/api.w.org\/{rel}","templated":true}]}}