{"id":195538,"date":"2026-03-12T18:40:17","date_gmt":"2026-03-13T00:40:17","guid":{"rendered":"https:\/\/canal7slp.tv\/2026\/?p=195538"},"modified":"2026-03-12T18:40:17","modified_gmt":"2026-03-13T00:40:17","slug":"presentan-la-quinta-edicion-del-festival-internacional-san-luis-en-primavera","status":"publish","type":"post","link":"https:\/\/canal7slp.tv\/2026\/presentan-la-quinta-edicion-del-festival-internacional-san-luis-en-primavera\/","title":{"rendered":"Presentan la quinta edici\u00f3n del Festival Internacional San Luis en Primavera"},"content":{"rendered":"<p style=\"text-align: justify;\"><span style=\"font-size: 1.21429rem;\">SLP.- El alcalde Enrique Galindo Ceballos encabez\u00f3 la presentaci\u00f3n de la quinta edici\u00f3n del Festival Internacional San Luis en Primavera, misma que se llevar\u00e1 a cabo del 28 de Marzo al 4 de Abril.<\/span><\/p>\n<p style=\"text-align: justify;\">En este festival se llevar\u00e1n a cabo 110 actividades art\u00edsticas y culturales en distintos espacios de la capital potosina en donde el estado y el pa\u00eds invitados ser\u00e1n Oaxaca y Espa\u00f1a.<\/p>\n<p style=\"text-align: justify;\">Se dio a conocer que Oaxaca participar\u00e1 con una delegaci\u00f3n de 320 integrantes adem\u00e1s de la presentaci\u00f3n de la tradicional y emblem\u00e1tica Guelaguetza, una de las expresiones culturales mas representativas de esta entidad.<\/p>\n<p style=\"text-align: justify;\">El programa contempla tambi\u00e9n la participaci\u00f3n de 22 agrupaciones de artistas potosinos y la actuaci\u00f3n de artistas provenientes de 8 pa\u00edses.<\/p>\n<p style=\"text-align: justify;\">Asimismo, en la cartelera art\u00edstica destacan las cantantes Mon Laferte, Lucero, un tributo a Juan Gabriel y el cantante espa\u00f1ol Miguel Bos\u00e9 en eventos totalmente gratuitos e inclusivos.<\/p>\n<p>Por: Claudio Ibarra<\/p>\n","protected":false},"excerpt":{"rendered":"<p>SLP.- El alcalde Enrique Galindo Ceballos encabez\u00f3 la presentaci\u00f3n de la quinta edici\u00f3n del Festival Internacional San Luis en Primavera, misma que se llevar\u00e1 a cabo del 28 de Marzo al 4 de Abril. En este festival se llevar\u00e1n a cabo 110 actividades art\u00edsticas y culturales en distintos espacios de la capital potosina en donde el estado y el pa\u00eds invitados ser\u00e1n Oaxaca y Espa\u00f1a. Se dio a conocer que Oaxaca participar\u00e1 con una delegaci\u00f3n de 320 integrantes adem\u00e1s de la presentaci\u00f3n de la tradicional y emblem\u00e1tica Guelaguetza, una de las expresiones culturales mas representativas de esta entidad. El programa [&hellip;]<\/p>\n","protected":false},"author":2,"featured_media":195562,"comment_status":"closed","ping_status":"closed","sticky":false,"template":"","format":"video","meta":{"_monsterinsights_skip_tracking":false,"_monsterinsights_sitenote_active":false,"_monsterinsights_sitenote_note":"","_monsterinsights_sitenote_category":0,"footnotes":""},"categories":[66,5,45],"tags":[],"class_list":["post-195538","post","type-post","status-publish","format-video","has-post-thumbnail","hentry","category-ayoslp","category-destacadas","category-localesyregionales","post_format-post-format-video","post--single"],"_links":{"self":[{"href":"https:\/\/canal7slp.tv\/2026\/wp-json\/wp\/v2\/posts\/195538","targetHints":{"allow":["GET"]}}],"collection":[{"href":"https:\/\/canal7slp.tv\/2026\/wp-json\/wp\/v2\/posts"}],"about":[{"href":"https:\/\/canal7slp.tv\/2026\/wp-json\/wp\/v2\/types\/post"}],"author":[{"embeddable":true,"href":"https:\/\/canal7slp.tv\/2026\/wp-json\/wp\/v2\/users\/2"}],"replies":[{"embeddable":true,"href":"https:\/\/canal7slp.tv\/2026\/wp-json\/wp\/v2\/comments?post=195538"}],"version-history":[{"count":2,"href":"https:\/\/canal7slp.tv\/2026\/wp-json\/wp\/v2\/posts\/195538\/revisions"}],"predecessor-version":[{"id":195566,"href":"https:\/\/canal7slp.tv\/2026\/wp-json\/wp\/v2\/posts\/195538\/revisions\/195566"}],"wp:featuredmedia":[{"embeddable":true,"href":"https:\/\/canal7slp.tv\/2026\/wp-json\/wp\/v2\/media\/195562"}],"wp:attachment":[{"href":"https:\/\/canal7slp.tv\/2026\/wp-json\/wp\/v2\/media?parent=195538"}],"wp:term":[{"taxonomy":"category","embeddable":true,"href":"https:\/\/canal7slp.tv\/2026\/wp-json\/wp\/v2\/categories?post=195538"},{"taxonomy":"post_tag","embeddable":true,"href":"https:\/\/canal7slp.tv\/2026\/wp-json\/wp\/v2\/tags?post=195538"}],"curies":[{"name":"wp","href":"https:\/\/api.w.org\/{rel}","templated":true}]}}