{"id":195536,"date":"2026-03-12T18:09:58","date_gmt":"2026-03-13T00:09:58","guid":{"rendered":"https:\/\/canal7slp.tv\/2026\/?p=195536"},"modified":"2026-03-12T18:09:58","modified_gmt":"2026-03-13T00:09:58","slug":"proyectan-autoridades-soledenses-cubrir-tramos-de-terraceria-ejecucion-de-obras-abarcaria-10-de-las-calles","status":"publish","type":"post","link":"https:\/\/canal7slp.tv\/2026\/proyectan-autoridades-soledenses-cubrir-tramos-de-terraceria-ejecucion-de-obras-abarcaria-10-de-las-calles\/","title":{"rendered":"Proyectan autoridades soledenses cubrir tramos de terracer\u00eda; ejecuci\u00f3n de obras abarcar\u00eda 10% de las calles"},"content":{"rendered":"<p style=\"text-align: justify;\">SGS.- En el municipio de Soledad de Graciano S\u00e1nchez, el 10% de las calle son cuentan con la pavimentaci\u00f3n necesaria acept\u00f3 el edil, Juan Manuel Navarro Mu\u00f1iz.<\/p>\n<p style=\"text-align: justify;\">\u201cEn t\u00e9rminos generales en todo el municipio hemos hablado de un 10% de calles que faltan por pavimentar, ya colonias de la periferia que son las que no tienen algunos servicios, hemos ya ingresado a hacer algunas pavimentaciones\u201d.<\/p>\n<p style=\"text-align: justify;\">Asegur\u00f3 que la meta para la actual administraci\u00f3n, es erradicar las calles de terracer\u00eda.<\/p>\n<p style=\"text-align: justify;\">\u201cEs lo que queremos terminarla (\u2026) de la mano del gobierno vamos a estar en pr\u00f3ximos d\u00edas en Los Fresnos (\u2026) para pavimentar todas las calles de Fresnos en una sola ya\u201d.<\/p>\n<p style=\"text-align: justify;\">Nombr\u00f3 otras colonias que deber\u00e1n ser intervenidas.<\/p>\n<p style=\"text-align: justify;\">\u201cComo atenci\u00f3n prioritaria zonas como las Primera de Mayo, como la Nueve de Mayo all\u00e1 para el oriente de la ciudad\u201d.<\/p>\n<p style=\"text-align: justify;\">Por su parte, el director de Infraestructura de Soledad, Jorge Grimaldo Lim\u00f3n, extern\u00f3 que en m\u00faltiples ocasiones es mediante la solicitud ciudadana que se agenda las calles a remozar.<\/p>\n<p style=\"text-align: justify;\">\u201cVamos trabajando conforme van lleg\u00e1ndonos las peticiones, vemos temas de proyectos, de presupuesto y es as\u00ed como vamos definiendo c\u00f3mo arrancaremos (\u2026) traemos unos proyectos en Genero V\u00e1zquez, vamos a pavimentar la colonia completa (\u2026) en Divisi\u00f3n del Norte, en todo el municipio\u201d.<\/p>\n<p style=\"text-align: justify;\">Sostuvo que la problem\u00e1tica es grave en todas las calles sin pavimentar.<\/p>\n<p style=\"text-align: justify;\">\u201cCarecen de l\u00edneas de agua, l\u00edneas de drenaje, obviamente pavimentaci\u00f3n, hay algunas que tambi\u00e9n la gente nos lo solicita pero porque s\u00ed estaban pavimentadas, pero ya est\u00e1n muy da\u00f1adas\u201d.<\/p>\n<p>Por: Juan Carlos COntreras<\/p>\n","protected":false},"excerpt":{"rendered":"<p>SGS.- En el municipio de Soledad de Graciano S\u00e1nchez, el 10% de las calle son cuentan con la pavimentaci\u00f3n necesaria acept\u00f3 el edil, Juan Manuel Navarro Mu\u00f1iz. \u201cEn t\u00e9rminos generales en todo el municipio hemos hablado de un 10% de calles que faltan por pavimentar, ya colonias de la periferia que son las que no tienen algunos servicios, hemos ya ingresado a hacer algunas pavimentaciones\u201d. Asegur\u00f3 que la meta para la actual administraci\u00f3n, es erradicar las calles de terracer\u00eda. \u201cEs lo que queremos terminarla (\u2026) de la mano del gobierno vamos a estar en pr\u00f3ximos d\u00edas en Los Fresnos (\u2026) [&hellip;]<\/p>\n","protected":false},"author":2,"featured_media":195553,"comment_status":"closed","ping_status":"closed","sticky":false,"template":"","format":"video","meta":{"_monsterinsights_skip_tracking":false,"_monsterinsights_sitenote_active":false,"_monsterinsights_sitenote_note":"","_monsterinsights_sitenote_category":0,"footnotes":""},"categories":[5,45],"tags":[],"class_list":["post-195536","post","type-post","status-publish","format-video","has-post-thumbnail","hentry","category-destacadas","category-localesyregionales","post_format-post-format-video","post--single"],"_links":{"self":[{"href":"https:\/\/canal7slp.tv\/2026\/wp-json\/wp\/v2\/posts\/195536","targetHints":{"allow":["GET"]}}],"collection":[{"href":"https:\/\/canal7slp.tv\/2026\/wp-json\/wp\/v2\/posts"}],"about":[{"href":"https:\/\/canal7slp.tv\/2026\/wp-json\/wp\/v2\/types\/post"}],"author":[{"embeddable":true,"href":"https:\/\/canal7slp.tv\/2026\/wp-json\/wp\/v2\/users\/2"}],"replies":[{"embeddable":true,"href":"https:\/\/canal7slp.tv\/2026\/wp-json\/wp\/v2\/comments?post=195536"}],"version-history":[{"count":2,"href":"https:\/\/canal7slp.tv\/2026\/wp-json\/wp\/v2\/posts\/195536\/revisions"}],"predecessor-version":[{"id":195559,"href":"https:\/\/canal7slp.tv\/2026\/wp-json\/wp\/v2\/posts\/195536\/revisions\/195559"}],"wp:featuredmedia":[{"embeddable":true,"href":"https:\/\/canal7slp.tv\/2026\/wp-json\/wp\/v2\/media\/195553"}],"wp:attachment":[{"href":"https:\/\/canal7slp.tv\/2026\/wp-json\/wp\/v2\/media?parent=195536"}],"wp:term":[{"taxonomy":"category","embeddable":true,"href":"https:\/\/canal7slp.tv\/2026\/wp-json\/wp\/v2\/categories?post=195536"},{"taxonomy":"post_tag","embeddable":true,"href":"https:\/\/canal7slp.tv\/2026\/wp-json\/wp\/v2\/tags?post=195536"}],"curies":[{"name":"wp","href":"https:\/\/api.w.org\/{rel}","templated":true}]}}