{"id":195535,"date":"2026-03-12T18:08:05","date_gmt":"2026-03-13T00:08:05","guid":{"rendered":"https:\/\/canal7slp.tv\/2026\/?p=195535"},"modified":"2026-03-12T18:08:05","modified_gmt":"2026-03-13T00:08:05","slug":"inauguran-autoridades-soledenses-calle-carlos-diez-gutierrez-tras-rehabilitacion-integral","status":"publish","type":"post","link":"https:\/\/canal7slp.tv\/2026\/inauguran-autoridades-soledenses-calle-carlos-diez-gutierrez-tras-rehabilitacion-integral\/","title":{"rendered":"Inauguran autoridades soledenses calle Carlos Diez Guti\u00e9rrez, tras rehabilitaci\u00f3n integral"},"content":{"rendered":"<p style=\"text-align: justify;\">SGS.- Autoridades del Ayuntamiento de Soledad de Graciano S\u00e1nchez realizaron un acto protocolario como parte de la inauguraci\u00f3n de la calle Carlos D\u00edez Guti\u00e9rrez en la zona de cabecera, la cual goz\u00f3 de una rehabilitaci\u00f3n con concreto hidr\u00e1ulico, adem\u00e1s de la mejora del sistema de alumbrado p\u00fablico.<\/p>\n<p style=\"text-align: justify;\">La beneficiaria Guadalupe S\u00e1nchez, habl\u00f3 en representaci\u00f3n de los colonos.<\/p>\n<p style=\"text-align: justify;\">\u201cEstamos muy agradecidos por la remodelaci\u00f3n de este tramo de calle Carlos Diez Guti\u00e9rrez, por la obra que consisti\u00f3 en el cambio de servicio hidr\u00e1ulico, el servicio de drenaje, la pavimentaci\u00f3n y alumbrado p\u00fablico; estos servicios eran muy necesarios debido al visible deterioro de esta calle\u201d.<\/p>\n<p style=\"text-align: justify;\">El director de Infraestructura en Soledad, Jorge Grimaldo Lim\u00f3n, expuso datos al respecto de la mejora.<\/p>\n<p style=\"text-align: justify;\">\u201cSe hicieron trabajos de cambio de l\u00ednea de drenaje, agua potable, as\u00ed como tomas, descargas, terracer\u00edas, pavimentaci\u00f3n, concreto hidr\u00e1ulico, banquetas, guarniciones y alumbrado p\u00fablico (\u2026) la calle tiene 150 metros lineales con un ancho promedio de vialidad, m\u00e1s metro y medio de banqueta en cada lado (\u2026) los beneficiarios son alrededor de dos mil 900 y la inversi\u00f3n fue de 2.4 millones de pesos\u201d.<\/p>\n<p style=\"text-align: justify;\">Por su parte, el edil, Juan Manuel Navarro Mu\u00f1iz, destac\u00f3 las acciones que se realizan en la zona de cabecera municipal.<\/p>\n<p style=\"text-align: justify;\">\u201cClaro que le metemos a cabecera, claro que hemos hecho obra en cabecera y hoy es un ejemplo que en cabecera vamos a seguir trabajando muy, muy fuerte\u201d.<\/p>\n<p style=\"text-align: justify;\">El alcalde se\u00f1al\u00f3 que las obras tuvieron una duraci\u00f3n de dos meses, y prometi\u00f3 durante su intervenci\u00f3n al micr\u00f3fono, que a partir de la tercera semana de marzo se completar\u00e1 la obra ampliando el \u00e1rea a remozar.<\/p>\n<p>Por: Juan Carlos Contreras<\/p>\n","protected":false},"excerpt":{"rendered":"<p>SGS.- Autoridades del Ayuntamiento de Soledad de Graciano S\u00e1nchez realizaron un acto protocolario como parte de la inauguraci\u00f3n de la calle Carlos D\u00edez Guti\u00e9rrez en la zona de cabecera, la cual goz\u00f3 de una rehabilitaci\u00f3n con concreto hidr\u00e1ulico, adem\u00e1s de la mejora del sistema de alumbrado p\u00fablico. La beneficiaria Guadalupe S\u00e1nchez, habl\u00f3 en representaci\u00f3n de los colonos. \u201cEstamos muy agradecidos por la remodelaci\u00f3n de este tramo de calle Carlos Diez Guti\u00e9rrez, por la obra que consisti\u00f3 en el cambio de servicio hidr\u00e1ulico, el servicio de drenaje, la pavimentaci\u00f3n y alumbrado p\u00fablico; estos servicios eran muy necesarios debido al visible deterioro [&hellip;]<\/p>\n","protected":false},"author":2,"featured_media":195551,"comment_status":"closed","ping_status":"closed","sticky":false,"template":"","format":"video","meta":{"_monsterinsights_skip_tracking":false,"_monsterinsights_sitenote_active":false,"_monsterinsights_sitenote_note":"","_monsterinsights_sitenote_category":0,"footnotes":""},"categories":[5,45],"tags":[],"class_list":["post-195535","post","type-post","status-publish","format-video","has-post-thumbnail","hentry","category-destacadas","category-localesyregionales","post_format-post-format-video","post--single"],"_links":{"self":[{"href":"https:\/\/canal7slp.tv\/2026\/wp-json\/wp\/v2\/posts\/195535","targetHints":{"allow":["GET"]}}],"collection":[{"href":"https:\/\/canal7slp.tv\/2026\/wp-json\/wp\/v2\/posts"}],"about":[{"href":"https:\/\/canal7slp.tv\/2026\/wp-json\/wp\/v2\/types\/post"}],"author":[{"embeddable":true,"href":"https:\/\/canal7slp.tv\/2026\/wp-json\/wp\/v2\/users\/2"}],"replies":[{"embeddable":true,"href":"https:\/\/canal7slp.tv\/2026\/wp-json\/wp\/v2\/comments?post=195535"}],"version-history":[{"count":2,"href":"https:\/\/canal7slp.tv\/2026\/wp-json\/wp\/v2\/posts\/195535\/revisions"}],"predecessor-version":[{"id":195557,"href":"https:\/\/canal7slp.tv\/2026\/wp-json\/wp\/v2\/posts\/195535\/revisions\/195557"}],"wp:featuredmedia":[{"embeddable":true,"href":"https:\/\/canal7slp.tv\/2026\/wp-json\/wp\/v2\/media\/195551"}],"wp:attachment":[{"href":"https:\/\/canal7slp.tv\/2026\/wp-json\/wp\/v2\/media?parent=195535"}],"wp:term":[{"taxonomy":"category","embeddable":true,"href":"https:\/\/canal7slp.tv\/2026\/wp-json\/wp\/v2\/categories?post=195535"},{"taxonomy":"post_tag","embeddable":true,"href":"https:\/\/canal7slp.tv\/2026\/wp-json\/wp\/v2\/tags?post=195535"}],"curies":[{"name":"wp","href":"https:\/\/api.w.org\/{rel}","templated":true}]}}