{"id":195531,"date":"2026-03-12T17:26:29","date_gmt":"2026-03-12T23:26:29","guid":{"rendered":"https:\/\/canal7slp.tv\/2026\/?p=195531"},"modified":"2026-03-12T17:26:29","modified_gmt":"2026-03-12T23:26:29","slug":"lideres-de-la-ue-se-reuniran-para-abordar-tensiones-en-medio-oriente-y-agenda-de-competitividad","status":"publish","type":"post","link":"https:\/\/canal7slp.tv\/2026\/lideres-de-la-ue-se-reuniran-para-abordar-tensiones-en-medio-oriente-y-agenda-de-competitividad\/","title":{"rendered":"L\u00edderes de la UE se reunir\u00e1n para abordar tensiones en Medio Oriente y agenda de competitividad"},"content":{"rendered":"<p style=\"text-align: justify;\">Bruselas.- El 19 de abril, los l\u00edderes de la Uni\u00f3n Europea se reunir\u00e1n para discutir el aumento de la tensi\u00f3n militar en Medio Oriente y su impacto en la econom\u00eda comunitaria.<\/p>\n<p style=\"text-align: justify;\">En este encuentro, se revisar\u00e1 la urgencia de implementar la agenda de competitividad de la UE, que busca fortalecer la autonom\u00eda estrat\u00e9gica y la resiliencia del bloque frente a futuras crisis.<\/p>\n<p style=\"text-align: justify;\">El presidente del Consejo Europeo, Ant\u00f3nio Costa, destac\u00f3 la importancia de debatir la situaci\u00f3n en Ir\u00e1n y sus repercusiones geopol\u00edticas y econ\u00f3micas, especialmente en relaci\u00f3n con los precios de la energ\u00eda y la seguridad energ\u00e9tica.<\/p>\n<p style=\"text-align: justify;\">Se espera que los mandatarios identifiquen medidas concretas para garantizar una respuesta coordinada y eficaz que proteja a ciudadanos y empresas, y que promueva la estabilidad en la regi\u00f3n.<\/p>\n<p style=\"text-align: justify;\">Adem\u00e1s, se comenzar\u00e1 a definir el Marco Financiero Plurianual (MFP) para el periodo 2028-2034, que servir\u00e1 como el principal instrumento para la acci\u00f3n estrat\u00e9gica com\u00fan de la UE.<\/p>\n<p style=\"text-align: justify;\">Otro tema relevante ser\u00e1 la financiaci\u00f3n a Ucrania, con la participaci\u00f3n del presidente ucraniano, Volodimir Zelenski, as\u00ed como la presi\u00f3n sobre Rusia, en medio de un contexto marcado por el veto de Hungr\u00eda a la emisi\u00f3n de deuda necesaria para apoyar a Kiev.<\/p>\n<p style=\"text-align: justify;\">La reuni\u00f3n tambi\u00e9n abordar\u00e1 la situaci\u00f3n en el L\u00edbano, Gaza y Cisjordania, con la presencia del secretario general de la ONU, Ant\u00f3nio Guterres. Asimismo, se tratar\u00e1n cuestiones relacionadas con la defensa europea y las pol\u00edticas migratorias y de asilo.<\/p>\n<p style=\"text-align: justify;\">La cumbre est\u00e1 programada para iniciar a las 10:00 y contar\u00e1 con la participaci\u00f3n de la presidenta del Banco Central Europeo, Christine Lagarde, y el presidente del Eurogrupo, Kyriakos Pierrakakis, para discutir la situaci\u00f3n econ\u00f3mica en el continente.<\/p>\n","protected":false},"excerpt":{"rendered":"<p>Bruselas.- El 19 de abril, los l\u00edderes de la Uni\u00f3n Europea se reunir\u00e1n para discutir el aumento de la tensi\u00f3n militar en Medio Oriente y su impacto en la econom\u00eda comunitaria. En este encuentro, se revisar\u00e1 la urgencia de implementar la agenda de competitividad de la UE, que busca fortalecer la autonom\u00eda estrat\u00e9gica y la resiliencia del bloque frente a futuras crisis. El presidente del Consejo Europeo, Ant\u00f3nio Costa, destac\u00f3 la importancia de debatir la situaci\u00f3n en Ir\u00e1n y sus repercusiones geopol\u00edticas y econ\u00f3micas, especialmente en relaci\u00f3n con los precios de la energ\u00eda y la seguridad energ\u00e9tica. Se espera que [&hellip;]<\/p>\n","protected":false},"author":2,"featured_media":195532,"comment_status":"closed","ping_status":"closed","sticky":false,"template":"","format":"standard","meta":{"_monsterinsights_skip_tracking":false,"_monsterinsights_sitenote_active":false,"_monsterinsights_sitenote_note":"","_monsterinsights_sitenote_category":0,"footnotes":""},"categories":[44],"tags":[],"class_list":["post-195531","post","type-post","status-publish","format-standard","has-post-thumbnail","hentry","category-internacional","post--single"],"_links":{"self":[{"href":"https:\/\/canal7slp.tv\/2026\/wp-json\/wp\/v2\/posts\/195531","targetHints":{"allow":["GET"]}}],"collection":[{"href":"https:\/\/canal7slp.tv\/2026\/wp-json\/wp\/v2\/posts"}],"about":[{"href":"https:\/\/canal7slp.tv\/2026\/wp-json\/wp\/v2\/types\/post"}],"author":[{"embeddable":true,"href":"https:\/\/canal7slp.tv\/2026\/wp-json\/wp\/v2\/users\/2"}],"replies":[{"embeddable":true,"href":"https:\/\/canal7slp.tv\/2026\/wp-json\/wp\/v2\/comments?post=195531"}],"version-history":[{"count":1,"href":"https:\/\/canal7slp.tv\/2026\/wp-json\/wp\/v2\/posts\/195531\/revisions"}],"predecessor-version":[{"id":195533,"href":"https:\/\/canal7slp.tv\/2026\/wp-json\/wp\/v2\/posts\/195531\/revisions\/195533"}],"wp:featuredmedia":[{"embeddable":true,"href":"https:\/\/canal7slp.tv\/2026\/wp-json\/wp\/v2\/media\/195532"}],"wp:attachment":[{"href":"https:\/\/canal7slp.tv\/2026\/wp-json\/wp\/v2\/media?parent=195531"}],"wp:term":[{"taxonomy":"category","embeddable":true,"href":"https:\/\/canal7slp.tv\/2026\/wp-json\/wp\/v2\/categories?post=195531"},{"taxonomy":"post_tag","embeddable":true,"href":"https:\/\/canal7slp.tv\/2026\/wp-json\/wp\/v2\/tags?post=195531"}],"curies":[{"name":"wp","href":"https:\/\/api.w.org\/{rel}","templated":true}]}}