{"id":195494,"date":"2026-03-12T14:25:17","date_gmt":"2026-03-12T20:25:17","guid":{"rendered":"https:\/\/canal7slp.tv\/2026\/?p=195494"},"modified":"2026-03-12T14:25:17","modified_gmt":"2026-03-12T20:25:17","slug":"alertan-por-posible-regreso-de-el-nino-en-2026","status":"publish","type":"post","link":"https:\/\/canal7slp.tv\/2026\/alertan-por-posible-regreso-de-el-nino-en-2026\/","title":{"rendered":"Alertan por posible regreso de \u201cEl Ni\u00f1o\u201d en 2026"},"content":{"rendered":"<p style=\"text-align: justify;\" data-start=\"1119\" data-end=\"1286\">EEUU.- El fen\u00f3meno clim\u00e1tico conocido como \u201cEl Ni\u00f1o\u201d podr\u00eda desarrollarse en los pr\u00f3ximos meses, lo que provocar\u00eda cambios significativos en el clima a nivel mundial.<\/p>\n<p style=\"text-align: justify;\" data-start=\"1288\" data-end=\"1594\">De acuerdo con estimaciones de la Oficina Nacional de Administraci\u00f3n Oce\u00e1nica y Atmosf\u00e9rica de Estados Unidos (NOAA), el actual evento de \u201cLa Ni\u00f1a\u201d en el Pac\u00edfico ecuatorial podr\u00eda transitar hacia una fase neutral en abril, antes de evolucionar hacia \u201cEl Ni\u00f1o\u201d entre junio y agosto de 2026.<\/p>\n<p style=\"text-align: justify;\" data-start=\"1626\" data-end=\"1641\">La NOAA estima:<\/p>\n<ul style=\"text-align: justify;\" data-start=\"1643\" data-end=\"1873\">\n<li data-section-id=\"qb1r91\" data-start=\"1643\" data-end=\"1784\">\n<p data-start=\"1645\" data-end=\"1784\">55 % de probabilidad de que se mantengan condiciones neutrales del fen\u00f3meno ENSO (El Ni\u00f1o\u2013Oscilaci\u00f3n del Sur) entre mayo y julio.<\/p>\n<\/li>\n<li data-section-id=\"pl5bt4\" data-start=\"1785\" data-end=\"1873\">\n<p data-start=\"1787\" data-end=\"1873\">62 % de probabilidad de que \u201cEl Ni\u00f1o\u201d se desarrolle durante ese mismo periodo.<\/p>\n<\/li>\n<\/ul>\n<p style=\"text-align: justify;\" data-start=\"1875\" data-end=\"1962\">De confirmarse este escenario, el fen\u00f3meno podr\u00eda extenderse hasta finales de 2026.<\/p>\n<p style=\"text-align: justify;\" data-start=\"1995\" data-end=\"2162\">Durante febrero de 2026, \u201cLa Ni\u00f1a\u201d continu\u00f3 activa, provocando temperaturas del mar por debajo del promedio en el centro y el este del Pac\u00edfico ecuatorial.<\/p>\n<p style=\"text-align: justify;\" data-start=\"2164\" data-end=\"2337\">Sin embargo, los especialistas prev\u00e9n un cambio gradual hacia condiciones neutrales durante la primavera, lo que podr\u00eda facilitar la formaci\u00f3n de \u201cEl Ni\u00f1o\u201d debido a:<\/p>\n<ul style=\"text-align: justify;\" data-start=\"2339\" data-end=\"2451\">\n<li data-section-id=\"zbun94\" data-start=\"2339\" data-end=\"2396\">\n<p data-start=\"2341\" data-end=\"2396\">El aumento del calor en la subsuperficie oce\u00e1nica<\/p>\n<\/li>\n<li data-section-id=\"103gslq\" data-start=\"2397\" data-end=\"2451\">\n<p data-start=\"2399\" data-end=\"2451\">El posible debilitamiento de los vientos alisios<\/p>\n<\/li>\n<\/ul>\n<p style=\"text-align: justify;\" data-start=\"2453\" data-end=\"2652\">No obstante, los expertos advierten que las previsiones en esta \u00e9poca del a\u00f1o suelen tener un mayor margen de incertidumbre, por lo que el monitoreo del fen\u00f3meno continuar\u00e1 en los pr\u00f3ximos meses.<\/p>\n<p style=\"text-align: justify;\" data-start=\"2682\" data-end=\"2831\">\u201cEl Ni\u00f1o\u201d forma parte del ciclo clim\u00e1tico ENSO, que regula las temperaturas del oc\u00e9ano Pac\u00edfico tropical y se presenta en tres fases principales:<\/p>\n<ul style=\"text-align: justify;\" data-start=\"2833\" data-end=\"3004\">\n<li data-section-id=\"2p9tx1\" data-start=\"2833\" data-end=\"2898\">\n<p data-start=\"2835\" data-end=\"2898\">El Ni\u00f1o: calentamiento anormal de las aguas del Pac\u00edfico.<\/p>\n<\/li>\n<li data-section-id=\"1edlbah\" data-start=\"2899\" data-end=\"2950\">\n<p data-start=\"2901\" data-end=\"2950\">La Ni\u00f1a: enfriamiento de esas mismas aguas.<\/p>\n<\/li>\n<li data-section-id=\"17i756y\" data-start=\"2951\" data-end=\"3004\">\n<p data-start=\"2953\" data-end=\"3004\">Fase neutral: condiciones cercanas al promedio.<\/p>\n<\/li>\n<\/ul>\n<p style=\"text-align: justify;\" data-start=\"3039\" data-end=\"3084\">Los efectos de \u201cEl Ni\u00f1o\u201d pueden provocar:<\/p>\n<ul style=\"text-align: justify;\" data-start=\"3086\" data-end=\"3219\">\n<li data-section-id=\"1usj60f\" data-start=\"3086\" data-end=\"3130\">\n<p data-start=\"3088\" data-end=\"3130\">Lluvias intensas en algunas regiones<\/p>\n<\/li>\n<li data-section-id=\"d199iq\" data-start=\"3131\" data-end=\"3173\">\n<p data-start=\"3133\" data-end=\"3173\">Sequ\u00edas en otras zonas del planeta<\/p>\n<\/li>\n<li data-section-id=\"1k9i7dr\" data-start=\"3174\" data-end=\"3219\">\n<p data-start=\"3176\" data-end=\"3219\">Incremento de las temperaturas globales<\/p>\n<\/li>\n<\/ul>\n<p style=\"text-align: justify;\" data-start=\"3221\" data-end=\"3377\">Los cient\u00edficos advierten que este fen\u00f3meno puede contribuir a nuevos r\u00e9cords de temperatura, especialmente en el contexto del calentamiento global.<\/p>\n<p style=\"text-align: justify;\" data-start=\"3379\" data-end=\"3709\">La combinaci\u00f3n entre El Ni\u00f1o y el cambio clim\u00e1tico podr\u00eda intensificar estos efectos, como ocurri\u00f3 en 2024, considerado el a\u00f1o m\u00e1s caluroso registrado, con temperaturas globales 1.55 \u00b0C por encima de los niveles preindustriales. Adem\u00e1s, los \u00faltimos diez a\u00f1os se encuentran entre los m\u00e1s c\u00e1lidos de la historia.<\/p>\n<p style=\"text-align: justify;\" data-start=\"3745\" data-end=\"3819\">En cuanto a la actividad cicl\u00f3nica, la presencia de El Ni\u00f1o suele:<\/p>\n<ul style=\"text-align: justify;\" data-start=\"3821\" data-end=\"3942\">\n<li data-section-id=\"nsphou\" data-start=\"3821\" data-end=\"3885\">\n<p data-start=\"3823\" data-end=\"3885\">Reducir la formaci\u00f3n de huracanes en el oc\u00e9ano Atl\u00e1ntico<\/p>\n<\/li>\n<li data-section-id=\"1yubhia\" data-start=\"3886\" data-end=\"3942\">\n<p data-start=\"3888\" data-end=\"3942\">Favorecer el desarrollo de ciclones en el Pac\u00edfico<\/p>\n<\/li>\n<\/ul>\n<p style=\"text-align: justify;\" data-start=\"3944\" data-end=\"4074\">Esto podr\u00eda influir en regiones del Pac\u00edfico mexicano, como la costa de Jalisco, durante la pr\u00f3xima temporada de ciclones.<\/p>\n<p style=\"text-align: justify;\" data-start=\"4076\" data-end=\"4285\">Las autoridades recomiendan mantenerse informados a trav\u00e9s de organismos oficiales, como la Organizaci\u00f3n Meteorol\u00f3gica Mundial (OMM) y la NOAA, que contin\u00faan monitoreando la evoluci\u00f3n del fen\u00f3meno.<\/p>\n","protected":false},"excerpt":{"rendered":"<p>EEUU.- El fen\u00f3meno clim\u00e1tico conocido como \u201cEl Ni\u00f1o\u201d podr\u00eda desarrollarse en los pr\u00f3ximos meses, lo que provocar\u00eda cambios significativos en el clima a nivel mundial. De acuerdo con estimaciones de la Oficina Nacional de Administraci\u00f3n Oce\u00e1nica y Atmosf\u00e9rica de Estados Unidos (NOAA), el actual evento de \u201cLa Ni\u00f1a\u201d en el Pac\u00edfico ecuatorial podr\u00eda transitar hacia una fase neutral en abril, antes de evolucionar hacia \u201cEl Ni\u00f1o\u201d entre junio y agosto de 2026. La NOAA estima: 55 % de probabilidad de que se mantengan condiciones neutrales del fen\u00f3meno ENSO (El Ni\u00f1o\u2013Oscilaci\u00f3n del Sur) entre mayo y julio. 62 % de probabilidad [&hellip;]<\/p>\n","protected":false},"author":2,"featured_media":195495,"comment_status":"closed","ping_status":"closed","sticky":false,"template":"","format":"standard","meta":{"_monsterinsights_skip_tracking":false,"_monsterinsights_sitenote_active":false,"_monsterinsights_sitenote_note":"","_monsterinsights_sitenote_category":0,"footnotes":""},"categories":[44],"tags":[],"class_list":["post-195494","post","type-post","status-publish","format-standard","has-post-thumbnail","hentry","category-internacional","post--single"],"_links":{"self":[{"href":"https:\/\/canal7slp.tv\/2026\/wp-json\/wp\/v2\/posts\/195494","targetHints":{"allow":["GET"]}}],"collection":[{"href":"https:\/\/canal7slp.tv\/2026\/wp-json\/wp\/v2\/posts"}],"about":[{"href":"https:\/\/canal7slp.tv\/2026\/wp-json\/wp\/v2\/types\/post"}],"author":[{"embeddable":true,"href":"https:\/\/canal7slp.tv\/2026\/wp-json\/wp\/v2\/users\/2"}],"replies":[{"embeddable":true,"href":"https:\/\/canal7slp.tv\/2026\/wp-json\/wp\/v2\/comments?post=195494"}],"version-history":[{"count":1,"href":"https:\/\/canal7slp.tv\/2026\/wp-json\/wp\/v2\/posts\/195494\/revisions"}],"predecessor-version":[{"id":195496,"href":"https:\/\/canal7slp.tv\/2026\/wp-json\/wp\/v2\/posts\/195494\/revisions\/195496"}],"wp:featuredmedia":[{"embeddable":true,"href":"https:\/\/canal7slp.tv\/2026\/wp-json\/wp\/v2\/media\/195495"}],"wp:attachment":[{"href":"https:\/\/canal7slp.tv\/2026\/wp-json\/wp\/v2\/media?parent=195494"}],"wp:term":[{"taxonomy":"category","embeddable":true,"href":"https:\/\/canal7slp.tv\/2026\/wp-json\/wp\/v2\/categories?post=195494"},{"taxonomy":"post_tag","embeddable":true,"href":"https:\/\/canal7slp.tv\/2026\/wp-json\/wp\/v2\/tags?post=195494"}],"curies":[{"name":"wp","href":"https:\/\/api.w.org\/{rel}","templated":true}]}}