{"id":195482,"date":"2026-03-12T13:38:19","date_gmt":"2026-03-12T19:38:19","guid":{"rendered":"https:\/\/canal7slp.tv\/2026\/?p=195482"},"modified":"2026-03-12T13:38:19","modified_gmt":"2026-03-12T19:38:19","slug":"mexico-con-potencial-en-agricultura-tecnificada-y-sostenible","status":"publish","type":"post","link":"https:\/\/canal7slp.tv\/2026\/mexico-con-potencial-en-agricultura-tecnificada-y-sostenible\/","title":{"rendered":"M\u00e9xico, con potencial en agricultura tecnificada y sostenible"},"content":{"rendered":"<p style=\"text-align: justify;\">SLP.- M\u00e9xico tiene condiciones para convertirse en potencia mundial en agricultura tecnificada y sostenible -particularmente en el desarrollo de horticultura protegida-.<\/p>\n<p style=\"text-align: justify;\">El coordinador del Corredor Econ\u00f3mico del Bienestar -perteneciente a la Secretar\u00eda de Econom\u00eda de Quer\u00e9taro- C\u00e9sar Guti, afirm\u00f3 que el pa\u00eds cuenta con condiciones naturales, tecnol\u00f3gicas y de pol\u00edtica p\u00fablica para fortalecer el sector estrat\u00e9gico.<\/p>\n<p style=\"text-align: justify;\">\u201cM\u00e9xico tiene condiciones para ser una de las potencias a nivel mundial en esta materia\u201d, se\u00f1al\u00f3 el funcionario y destac\u00f3 que el impulso a la innovaci\u00f3n agr\u00edcola forma parte del Plan M\u00e9xico.<\/p>\n<p style=\"text-align: justify;\">En ese sentido, se subray\u00f3 que la tecnificaci\u00f3n del campo es clave para avanzar a la seguridad alimentaria, mejorar la productividad y enfrentar desaf\u00edos del cambio clim\u00e1tico.<\/p>\n<p style=\"text-align: justify;\">Adicionalmente, se hizo hincapi\u00e9 en que la cooperaci\u00f3n entre gobierno, empresas y universidades \u2014lo denominado como \u201ctriple h\u00e9lice\u201d\u2014 ser\u00e1 fundamental para impulsar soluciones tecnol\u00f3gicas que transformen la producci\u00f3n.<\/p>\n<p style=\"text-align: justify;\">Especialistas coincidieron en que la agricultura protegida, basada en invernaderos, sistemas hidrop\u00f3nicos y tecnolog\u00eda de monitoreo, ser\u00e1 determinante para enfrentar retos clim\u00e1ticos y de productividad.<\/p>\n<p style=\"text-align: justify;\">Desde el \u00e1mbito acad\u00e9mico, la investigadora Eliza Dexter explic\u00f3 que en la \u00faltima d\u00e9cada la horticultura protegida ha incrementado su producci\u00f3n 50 por ciento en M\u00e9xico.<\/p>\n<p style=\"text-align: justify;\">Aunque advirti\u00f3 que el crecimiento del sector conlleva retos sociales, econ\u00f3micos y ambientales.<\/p>\n<p style=\"text-align: justify;\">En tanto, especialistas en operaci\u00f3n de invernaderos, explicaron que pr\u00e1cticamente cualquier tipo de producci\u00f3n agr\u00edcola puede incorporar tecnolog\u00eda para mejorar resultados.<\/p>\n<p style=\"text-align: justify;\">El uso de sensores, sistemas de riego inteligentes y herramientas de an\u00e1lisis de datos permiten optimizar el consumo de agua y mejorar la eficiencia productiva.<\/p>\n<p style=\"text-align: justify;\">Incluso, inteligencia artificial comienza a utilizarse para anticipar rendimientos.<\/p>\n<p style=\"text-align: justify;\">Desde la perspectiva de inversi\u00f3n, se se\u00f1al\u00f3 que el crecimiento de la poblaci\u00f3n mundial obligar\u00e1 a incrementar la producci\u00f3n de alimentos en pr\u00f3ximas d\u00e9cadas.<\/p>\n<p style=\"text-align: justify;\">Estimaciones de la Organizaci\u00f3n de las Naciones Unidas para la Alimentaci\u00f3n y la Agricultura, advierten que para 2050 la producci\u00f3n agr\u00edcola global deber\u00e1 aumentar hasta 60 por ciento.<\/p>\n<p style=\"text-align: justify;\">Ser\u00eda la vinculaci\u00f3n entre innovaci\u00f3n, inversi\u00f3n y tecnolog\u00eda, clave para que M\u00e9xico consolide su papel -como uno de los actores relevantes en la producci\u00f3n agr\u00edcola en pr\u00f3ximas d\u00e9cadas-.<\/p>\n<p>Por: Paulina Rodr\u00edguez<\/p>\n","protected":false},"excerpt":{"rendered":"<p>SLP.- M\u00e9xico tiene condiciones para convertirse en potencia mundial en agricultura tecnificada y sostenible -particularmente en el desarrollo de horticultura protegida-. El coordinador del Corredor Econ\u00f3mico del Bienestar -perteneciente a la Secretar\u00eda de Econom\u00eda de Quer\u00e9taro- C\u00e9sar Guti, afirm\u00f3 que el pa\u00eds cuenta con condiciones naturales, tecnol\u00f3gicas y de pol\u00edtica p\u00fablica para fortalecer el sector estrat\u00e9gico. \u201cM\u00e9xico tiene condiciones para ser una de las potencias a nivel mundial en esta materia\u201d, se\u00f1al\u00f3 el funcionario y destac\u00f3 que el impulso a la innovaci\u00f3n agr\u00edcola forma parte del Plan M\u00e9xico. En ese sentido, se subray\u00f3 que la tecnificaci\u00f3n del campo es clave [&hellip;]<\/p>\n","protected":false},"author":2,"featured_media":195487,"comment_status":"closed","ping_status":"closed","sticky":false,"template":"","format":"video","meta":{"_monsterinsights_skip_tracking":false,"_monsterinsights_sitenote_active":false,"_monsterinsights_sitenote_note":"","_monsterinsights_sitenote_category":0,"footnotes":""},"categories":[5,40,45],"tags":[],"class_list":["post-195482","post","type-post","status-publish","format-video","has-post-thumbnail","hentry","category-destacadas","category-economia","category-localesyregionales","post_format-post-format-video","post--single"],"_links":{"self":[{"href":"https:\/\/canal7slp.tv\/2026\/wp-json\/wp\/v2\/posts\/195482","targetHints":{"allow":["GET"]}}],"collection":[{"href":"https:\/\/canal7slp.tv\/2026\/wp-json\/wp\/v2\/posts"}],"about":[{"href":"https:\/\/canal7slp.tv\/2026\/wp-json\/wp\/v2\/types\/post"}],"author":[{"embeddable":true,"href":"https:\/\/canal7slp.tv\/2026\/wp-json\/wp\/v2\/users\/2"}],"replies":[{"embeddable":true,"href":"https:\/\/canal7slp.tv\/2026\/wp-json\/wp\/v2\/comments?post=195482"}],"version-history":[{"count":2,"href":"https:\/\/canal7slp.tv\/2026\/wp-json\/wp\/v2\/posts\/195482\/revisions"}],"predecessor-version":[{"id":195488,"href":"https:\/\/canal7slp.tv\/2026\/wp-json\/wp\/v2\/posts\/195482\/revisions\/195488"}],"wp:featuredmedia":[{"embeddable":true,"href":"https:\/\/canal7slp.tv\/2026\/wp-json\/wp\/v2\/media\/195487"}],"wp:attachment":[{"href":"https:\/\/canal7slp.tv\/2026\/wp-json\/wp\/v2\/media?parent=195482"}],"wp:term":[{"taxonomy":"category","embeddable":true,"href":"https:\/\/canal7slp.tv\/2026\/wp-json\/wp\/v2\/categories?post=195482"},{"taxonomy":"post_tag","embeddable":true,"href":"https:\/\/canal7slp.tv\/2026\/wp-json\/wp\/v2\/tags?post=195482"}],"curies":[{"name":"wp","href":"https:\/\/api.w.org\/{rel}","templated":true}]}}