{"id":195467,"date":"2026-03-11T19:06:52","date_gmt":"2026-03-12T01:06:52","guid":{"rendered":"https:\/\/canal7slp.tv\/2026\/?p=195467"},"modified":"2026-03-11T19:06:52","modified_gmt":"2026-03-12T01:06:52","slug":"tres-diputadas-de-morena-votan-contra-la-reforma-electoral-de-sheinbaum","status":"publish","type":"post","link":"https:\/\/canal7slp.tv\/2026\/tres-diputadas-de-morena-votan-contra-la-reforma-electoral-de-sheinbaum\/","title":{"rendered":"Tres diputadas de Morena votan contra la reforma electoral de Sheinbaum"},"content":{"rendered":"<p style=\"text-align: justify;\">M\u00e9xico.- Este 11 de marzo, la C\u00e1mara de Diputados rechaz\u00f3 la iniciativa de reforma electoral impulsada por la presidenta de M\u00e9xico, Claudia Sheinbaum Pardo, al no alcanzar la mayor\u00eda calificada requerida para modificar la Constituci\u00f3n.<\/p>\n<p style=\"text-align: justify;\">La oposici\u00f3n, integrada por las bancadas del PRI, PAN y Movimiento Ciudadano (MC), vot\u00f3 en bloque en contra de la propuesta. No obstante, el rechazo no provino \u00fanicamente de estos partidos, ya que aliados del gobierno como el Partido del Trabajo (PT) y el Partido Verde Ecologista de M\u00e9xico (PVEM) tambi\u00e9n emitieron votos negativos.<\/p>\n<p style=\"text-align: justify;\">Al tratarse de una reforma constitucional, la iniciativa necesitaba 334 votos a favor de los 500 diputados que integran la C\u00e1mara.<\/p>\n<p style=\"text-align: justify;\">El resultado final fue:<\/p>\n<ul>\n<li style=\"text-align: justify;\">259 votos a favor<\/li>\n<li style=\"text-align: justify;\">234 votos en contra<\/li>\n<li style=\"text-align: justify;\">1 abstenci\u00f3n<\/li>\n<\/ul>\n<p style=\"text-align: justify;\">Con estos n\u00fameros, el dictamen no alcanz\u00f3 la mayor\u00eda calificada necesaria, por lo que fue desechado.<\/p>\n<p style=\"text-align: justify;\">Aunque la mayor\u00eda de los legisladores de Morena respaldaron la iniciativa, tres diputadas de MORENA votaron en contra:<\/p>\n<ul>\n<li style=\"text-align: justify;\">Giselle Yunueen Arellano \u00c1vila (Zacatecas) \u2013 Diputada plurinominal, licenciada en Mercadotecnia y sin experiencia legislativa previa.<\/li>\n<li style=\"text-align: justify;\">Alejandra Chedraui Peralta (Baja California) \u2013 Diputada plurinominal, licenciada en Mercadotecnia. Fue tendencia en redes sociales por su participaci\u00f3n parcial en el Marat\u00f3n de la Ciudad de M\u00e9xico 2025. Milit\u00f3 en el PVEM hasta 2024, cuando fue cedida a Morena.<\/li>\n<li style=\"text-align: justify;\">Santy Montemayor Castillo (Quintana Roo) \u2013 Diputada plurinominal, licenciada en Arquitectura, con experiencia como diputada local y federal. Form\u00f3 parte del grupo de 15 legisladores del PVEM que se integraron a Morena.<\/li>\n<\/ul>\n<p style=\"text-align: justify;\">Aunque la mayor\u00eda de los diputados del PVEM votaron en contra, 12 legisladores del partido respaldaron la reforma:<\/p>\n<ul>\n<li style=\"text-align: justify;\">Anabel Acosta Islas<\/li>\n<li style=\"text-align: justify;\">Jos\u00e9 Bra\u00f1a Mojica<\/li>\n<li style=\"text-align: justify;\">Ma. del Carmen Cabrera Lagunas<\/li>\n<li style=\"text-align: justify;\">Carlos Enrique Canturosas Villarreal<\/li>\n<li style=\"text-align: justify;\">Manuel Alejandro Cota C\u00e1rdenas<\/li>\n<li style=\"text-align: justify;\">Denisse Guzm\u00e1n Gonz\u00e1lez<\/li>\n<li style=\"text-align: justify;\">Blanca Estela Hern\u00e1ndez Rodr\u00edguez<\/li>\n<li style=\"text-align: justify;\">Hilda Magdalena Licerio Vald\u00e9s<\/li>\n<li style=\"text-align: justify;\">Mario Alberto L\u00f3pez Hern\u00e1ndez<\/li>\n<li style=\"text-align: justify;\">Iv\u00e1n Mar\u00edn Rangel<\/li>\n<li style=\"text-align: justify;\">Alejandro P\u00e9rez Cu\u00e9llar<\/li>\n<li style=\"text-align: justify;\">Ruth Maricela Silva Andraca<\/li>\n<li style=\"text-align: justify;\">Voto a favor del PT<\/li>\n<\/ul>\n<p style=\"text-align: justify;\">Dentro del Partido del Trabajo, solo un legislador vot\u00f3 a favor de la iniciativa:<\/p>\n<ul>\n<li style=\"text-align: justify;\">Jes\u00fas Roberto Corral Ord\u00f3\u00f1ez<\/li>\n<\/ul>\n","protected":false},"excerpt":{"rendered":"<p>M\u00e9xico.- Este 11 de marzo, la C\u00e1mara de Diputados rechaz\u00f3 la iniciativa de reforma electoral impulsada por la presidenta de M\u00e9xico, Claudia Sheinbaum Pardo, al no alcanzar la mayor\u00eda calificada requerida para modificar la Constituci\u00f3n. La oposici\u00f3n, integrada por las bancadas del PRI, PAN y Movimiento Ciudadano (MC), vot\u00f3 en bloque en contra de la propuesta. No obstante, el rechazo no provino \u00fanicamente de estos partidos, ya que aliados del gobierno como el Partido del Trabajo (PT) y el Partido Verde Ecologista de M\u00e9xico (PVEM) tambi\u00e9n emitieron votos negativos. Al tratarse de una reforma constitucional, la iniciativa necesitaba 334 votos [&hellip;]<\/p>\n","protected":false},"author":2,"featured_media":195468,"comment_status":"closed","ping_status":"closed","sticky":false,"template":"","format":"standard","meta":{"_monsterinsights_skip_tracking":false,"_monsterinsights_sitenote_active":false,"_monsterinsights_sitenote_note":"","_monsterinsights_sitenote_category":0,"footnotes":""},"categories":[46],"tags":[],"class_list":["post-195467","post","type-post","status-publish","format-standard","has-post-thumbnail","hentry","category-nacional","post--single"],"_links":{"self":[{"href":"https:\/\/canal7slp.tv\/2026\/wp-json\/wp\/v2\/posts\/195467","targetHints":{"allow":["GET"]}}],"collection":[{"href":"https:\/\/canal7slp.tv\/2026\/wp-json\/wp\/v2\/posts"}],"about":[{"href":"https:\/\/canal7slp.tv\/2026\/wp-json\/wp\/v2\/types\/post"}],"author":[{"embeddable":true,"href":"https:\/\/canal7slp.tv\/2026\/wp-json\/wp\/v2\/users\/2"}],"replies":[{"embeddable":true,"href":"https:\/\/canal7slp.tv\/2026\/wp-json\/wp\/v2\/comments?post=195467"}],"version-history":[{"count":1,"href":"https:\/\/canal7slp.tv\/2026\/wp-json\/wp\/v2\/posts\/195467\/revisions"}],"predecessor-version":[{"id":195469,"href":"https:\/\/canal7slp.tv\/2026\/wp-json\/wp\/v2\/posts\/195467\/revisions\/195469"}],"wp:featuredmedia":[{"embeddable":true,"href":"https:\/\/canal7slp.tv\/2026\/wp-json\/wp\/v2\/media\/195468"}],"wp:attachment":[{"href":"https:\/\/canal7slp.tv\/2026\/wp-json\/wp\/v2\/media?parent=195467"}],"wp:term":[{"taxonomy":"category","embeddable":true,"href":"https:\/\/canal7slp.tv\/2026\/wp-json\/wp\/v2\/categories?post=195467"},{"taxonomy":"post_tag","embeddable":true,"href":"https:\/\/canal7slp.tv\/2026\/wp-json\/wp\/v2\/tags?post=195467"}],"curies":[{"name":"wp","href":"https:\/\/api.w.org\/{rel}","templated":true}]}}