{"id":195464,"date":"2026-03-11T18:38:11","date_gmt":"2026-03-12T00:38:11","guid":{"rendered":"https:\/\/canal7slp.tv\/2026\/?p=195464"},"modified":"2026-03-11T18:38:11","modified_gmt":"2026-03-12T00:38:11","slug":"pvem-se-desmarca-del-plan-b-electoral","status":"publish","type":"post","link":"https:\/\/canal7slp.tv\/2026\/pvem-se-desmarca-del-plan-b-electoral\/","title":{"rendered":"PVEM se desmarca del \u201cPlan B\u201d electoral"},"content":{"rendered":"<ul>\n<li style=\"text-align: justify;\">Advierte que esperar\u00e1 decisi\u00f3n de la Corte.<\/li>\n<\/ul>\n<p style=\"text-align: justify;\">M\u00e9xico.- La bancada del Partido Verde Ecologista de M\u00e9xico (PVEM) manifest\u00f3 su postura en contra del denominado \u201cPlan B\u201d en materia electoral, iniciativa anunciada por la presidenta Claudia Sheinbaum Pardo.<\/p>\n<p style=\"text-align: justify;\">El posicionamiento del partido surge en un momento clave, ya que el Poder Judicial podr\u00eda definir el futuro de las reformas electorales en el pa\u00eds.<\/p>\n<p style=\"text-align: justify;\">El senador del PVEM, Luis Armando Melgar, se\u00f1al\u00f3 que su bancada esperar\u00e1 la resoluci\u00f3n de la Suprema Corte de Justicia de la Naci\u00f3n (SCJN) antes de fijar una postura definitiva sobre los cambios al sistema electoral.<\/p>\n<p style=\"text-align: justify;\">El legislador subray\u00f3 que la responsabilidad del m\u00e1ximo tribunal es \u201ccuidar y defender la Constituci\u00f3n\u201d, lo que \u2014dijo\u2014 implica revisar cuidadosamente cualquier reforma que pueda entrar en conflicto con el marco constitucional.<\/p>\n<p style=\"text-align: justify;\">Aunque no se detallaron los puntos espec\u00edficos del Plan B que generan preocupaci\u00f3n dentro del PVEM, la advertencia de votar en contra sugiere posibles diferencias dentro de la coalici\u00f3n gobernante o una postura orientada a defender la autonom\u00eda de los \u00f3rganos electorales.<\/p>\n<p style=\"text-align: justify;\">La presidenta Claudia Sheinbaum, en funciones desde octubre de 2024, ha promovido cambios al sistema electoral vigente tras el rechazo de la reforma constitucional presentada previamente.<\/p>\n<p style=\"text-align: justify;\">En la misma l\u00ednea, el diputado federal del PVEM Ricardo Astudillo Su\u00e1rez declar\u00f3:<\/p>\n<p style=\"text-align: justify;\">\u201cA pesar de coincidir en varios puntos de la reforma constitucional, en esta ocasi\u00f3n no podemos acompa\u00f1ar el dictamen\u201d.<\/p>\n<p style=\"text-align: justify;\">La iniciativa ya fue aprobada en comisiones y se prev\u00e9 que sea discutida en el Pleno, donde se ha se\u00f1alado que Morena no cuenta con los votos suficientes para alcanzar la mayor\u00eda calificada.<\/p>\n<p style=\"text-align: justify;\">La resoluci\u00f3n de la Suprema Corte de Justicia de la Naci\u00f3n sobre la constitucionalidad de las reformas electorales \u2014tanto las previas como el nuevo Plan B\u2014 ser\u00e1 determinante para el panorama pol\u00edtico y electoral de M\u00e9xico en los pr\u00f3ximos a\u00f1os.<\/p>\n","protected":false},"excerpt":{"rendered":"<p>Advierte que esperar\u00e1 decisi\u00f3n de la Corte. M\u00e9xico.- La bancada del Partido Verde Ecologista de M\u00e9xico (PVEM) manifest\u00f3 su postura en contra del denominado \u201cPlan B\u201d en materia electoral, iniciativa anunciada por la presidenta Claudia Sheinbaum Pardo. El posicionamiento del partido surge en un momento clave, ya que el Poder Judicial podr\u00eda definir el futuro de las reformas electorales en el pa\u00eds. El senador del PVEM, Luis Armando Melgar, se\u00f1al\u00f3 que su bancada esperar\u00e1 la resoluci\u00f3n de la Suprema Corte de Justicia de la Naci\u00f3n (SCJN) antes de fijar una postura definitiva sobre los cambios al sistema electoral. El legislador [&hellip;]<\/p>\n","protected":false},"author":2,"featured_media":195465,"comment_status":"closed","ping_status":"closed","sticky":false,"template":"","format":"standard","meta":{"_monsterinsights_skip_tracking":false,"_monsterinsights_sitenote_active":false,"_monsterinsights_sitenote_note":"","_monsterinsights_sitenote_category":0,"footnotes":""},"categories":[46],"tags":[],"class_list":["post-195464","post","type-post","status-publish","format-standard","has-post-thumbnail","hentry","category-nacional","post--single"],"_links":{"self":[{"href":"https:\/\/canal7slp.tv\/2026\/wp-json\/wp\/v2\/posts\/195464","targetHints":{"allow":["GET"]}}],"collection":[{"href":"https:\/\/canal7slp.tv\/2026\/wp-json\/wp\/v2\/posts"}],"about":[{"href":"https:\/\/canal7slp.tv\/2026\/wp-json\/wp\/v2\/types\/post"}],"author":[{"embeddable":true,"href":"https:\/\/canal7slp.tv\/2026\/wp-json\/wp\/v2\/users\/2"}],"replies":[{"embeddable":true,"href":"https:\/\/canal7slp.tv\/2026\/wp-json\/wp\/v2\/comments?post=195464"}],"version-history":[{"count":1,"href":"https:\/\/canal7slp.tv\/2026\/wp-json\/wp\/v2\/posts\/195464\/revisions"}],"predecessor-version":[{"id":195466,"href":"https:\/\/canal7slp.tv\/2026\/wp-json\/wp\/v2\/posts\/195464\/revisions\/195466"}],"wp:featuredmedia":[{"embeddable":true,"href":"https:\/\/canal7slp.tv\/2026\/wp-json\/wp\/v2\/media\/195465"}],"wp:attachment":[{"href":"https:\/\/canal7slp.tv\/2026\/wp-json\/wp\/v2\/media?parent=195464"}],"wp:term":[{"taxonomy":"category","embeddable":true,"href":"https:\/\/canal7slp.tv\/2026\/wp-json\/wp\/v2\/categories?post=195464"},{"taxonomy":"post_tag","embeddable":true,"href":"https:\/\/canal7slp.tv\/2026\/wp-json\/wp\/v2\/tags?post=195464"}],"curies":[{"name":"wp","href":"https:\/\/api.w.org\/{rel}","templated":true}]}}