{"id":195444,"date":"2026-03-11T19:38:12","date_gmt":"2026-03-12T01:38:12","guid":{"rendered":"https:\/\/canal7slp.tv\/2026\/?p=195444"},"modified":"2026-03-11T19:38:12","modified_gmt":"2026-03-12T01:38:12","slug":"ofrece-el-arzobispo-misa-de-desagravio-luego-de-los-danos-causados-por-la-marcha-del-8m","status":"publish","type":"post","link":"https:\/\/canal7slp.tv\/2026\/ofrece-el-arzobispo-misa-de-desagravio-luego-de-los-danos-causados-por-la-marcha-del-8m\/","title":{"rendered":"Ofrece el Arzobispo Misa de Desagravio luego de los da\u00f1os causados por la marcha del 8M"},"content":{"rendered":"<p style=\"text-align: justify;\"><span style=\"font-size: 1.21429rem;\">SLP.- En la Plaza de Los Fundadores y con las im\u00e1genes de Cristo y la Virgen de Loreto el Arzobispo Jorge Alberto Cavazos Arizpe, encabez\u00f3 la misa del desagravio luego de los ataques al Templo de La Compa\u00f1\u00eda, durante la marcha del 8M del pasado domingo 8 de Marzo.<\/span><\/p>\n<p style=\"text-align: justify;\">Cientos de feligreses acudieron al llamado de la iglesia cat\u00f3lica gritando al un\u00edsono \u201cViva Cristo Rey\u201d con el repicar de campanas y oraciones por la paz.<\/p>\n<p style=\"text-align: justify;\">M\u00fasica y danzantes avivaron la ceremonia eclesi\u00e1stica para recriminar lo que llamaron un acto de profanaci\u00f3n por los destrozos causados al templo.<\/p>\n<p style=\"text-align: justify;\">En su homil\u00eda el Arzobispo de San Luis Potos\u00ed pidi\u00f3 por la paz y el perd\u00f3n por la profanaci\u00f3n de este recinto religioso al decir tambi\u00e9n que no son los muros, sino el lugar consagrado a Dios al decir tambi\u00e9n que la Iglesia hace suyo el dolor de las mujeres v\u00edctimas de violencia.<\/p>\n<p style=\"text-align: justify;\">Cavazos Arizpe lament\u00f3 tambi\u00e9n el sufrimiento de las madres buscadoras al afirmar que la Iglesia Cat\u00f3lica mantiene siempre las puertas abiertas para todos los colectivos sean cat\u00f3licos o no, al destacar la empat\u00eda que el dolor debe despertar en cada seguidor de Cristo.<\/p>\n<p style=\"text-align: justify;\">Por: Claudio Ibarra<\/p>\n","protected":false},"excerpt":{"rendered":"<p>SLP.- En la Plaza de Los Fundadores y con las im\u00e1genes de Cristo y la Virgen de Loreto el Arzobispo Jorge Alberto Cavazos Arizpe, encabez\u00f3 la misa del desagravio luego de los ataques al Templo de La Compa\u00f1\u00eda, durante la marcha del 8M del pasado domingo 8 de Marzo. Cientos de feligreses acudieron al llamado de la iglesia cat\u00f3lica gritando al un\u00edsono \u201cViva Cristo Rey\u201d con el repicar de campanas y oraciones por la paz. M\u00fasica y danzantes avivaron la ceremonia eclesi\u00e1stica para recriminar lo que llamaron un acto de profanaci\u00f3n por los destrozos causados al templo. En su homil\u00eda [&hellip;]<\/p>\n","protected":false},"author":2,"featured_media":195479,"comment_status":"closed","ping_status":"closed","sticky":false,"template":"","format":"video","meta":{"_monsterinsights_skip_tracking":false,"_monsterinsights_sitenote_active":false,"_monsterinsights_sitenote_note":"","_monsterinsights_sitenote_category":0,"footnotes":""},"categories":[5,45],"tags":[],"class_list":["post-195444","post","type-post","status-publish","format-video","has-post-thumbnail","hentry","category-destacadas","category-localesyregionales","post_format-post-format-video","post--single"],"_links":{"self":[{"href":"https:\/\/canal7slp.tv\/2026\/wp-json\/wp\/v2\/posts\/195444","targetHints":{"allow":["GET"]}}],"collection":[{"href":"https:\/\/canal7slp.tv\/2026\/wp-json\/wp\/v2\/posts"}],"about":[{"href":"https:\/\/canal7slp.tv\/2026\/wp-json\/wp\/v2\/types\/post"}],"author":[{"embeddable":true,"href":"https:\/\/canal7slp.tv\/2026\/wp-json\/wp\/v2\/users\/2"}],"replies":[{"embeddable":true,"href":"https:\/\/canal7slp.tv\/2026\/wp-json\/wp\/v2\/comments?post=195444"}],"version-history":[{"count":2,"href":"https:\/\/canal7slp.tv\/2026\/wp-json\/wp\/v2\/posts\/195444\/revisions"}],"predecessor-version":[{"id":195480,"href":"https:\/\/canal7slp.tv\/2026\/wp-json\/wp\/v2\/posts\/195444\/revisions\/195480"}],"wp:featuredmedia":[{"embeddable":true,"href":"https:\/\/canal7slp.tv\/2026\/wp-json\/wp\/v2\/media\/195479"}],"wp:attachment":[{"href":"https:\/\/canal7slp.tv\/2026\/wp-json\/wp\/v2\/media?parent=195444"}],"wp:term":[{"taxonomy":"category","embeddable":true,"href":"https:\/\/canal7slp.tv\/2026\/wp-json\/wp\/v2\/categories?post=195444"},{"taxonomy":"post_tag","embeddable":true,"href":"https:\/\/canal7slp.tv\/2026\/wp-json\/wp\/v2\/tags?post=195444"}],"curies":[{"name":"wp","href":"https:\/\/api.w.org\/{rel}","templated":true}]}}