{"id":195441,"date":"2026-03-11T19:19:46","date_gmt":"2026-03-12T01:19:46","guid":{"rendered":"https:\/\/canal7slp.tv\/2026\/?p=195441"},"modified":"2026-03-11T19:19:46","modified_gmt":"2026-03-12T01:19:46","slug":"danos-en-el-templo-de-la-compania-son-reparables-afirma-el-arzobispo-de-san-luis-potosi","status":"publish","type":"post","link":"https:\/\/canal7slp.tv\/2026\/danos-en-el-templo-de-la-compania-son-reparables-afirma-el-arzobispo-de-san-luis-potosi\/","title":{"rendered":"Da\u00f1os en el templo de La Compa\u00f1\u00eda son reparables afirma el arzobispo de San Luis Potos\u00ed"},"content":{"rendered":"<p style=\"text-align: justify;\"><span style=\"font-size: 1.21429rem;\">SLP.- En rueda de prensa conjunta el Arzobispo Jorge Alberto Cavazos Arizpe y el p\u00e1rroco del templo de La Compa\u00f1\u00eda, Jorge Aurelio Ram\u00edrez, afirmaron que el da\u00f1o f\u00edsico a este inmueble no fue tan grave y que puede restaurarse sin mayores complicaciones.<\/span><\/p>\n<p style=\"text-align: justify;\">Indicaron que ya tuvieron contacto con el Instituto Nacional de Antropolog\u00eda e Historia para ver lo relativo a su restauraci\u00f3n y que por ser un inmueble propiedad de la Naci\u00f3n, apoye en gran medida en la parte econ\u00f3mica.<\/p>\n<p style=\"text-align: justify;\">El p\u00e1rroco del templo reiter\u00f3 que de acuerdo al diagn\u00f3stico realizado por los peritos todo da\u00f1o causado al inmueble es reparable.<\/p>\n<p style=\"text-align: justify;\">Respecto a las pintas y mensajes que quedaron plasmados en los muros y cantera del templo el Arzobispo reconoci\u00f3 que son expresiones de enojo y de malestar que dijo, no deben de pasarse por alto.<\/p>\n<p style=\"text-align: justify;\">En este sentido, envi\u00f3 un mensaje de paz y unidad al decir que la Iglesia se solidariza con las causas de las mujeres.<\/p>\n<p style=\"text-align: justify;\">Por: Claudio Ibarra<\/p>\n","protected":false},"excerpt":{"rendered":"<p>SLP.- En rueda de prensa conjunta el Arzobispo Jorge Alberto Cavazos Arizpe y el p\u00e1rroco del templo de La Compa\u00f1\u00eda, Jorge Aurelio Ram\u00edrez, afirmaron que el da\u00f1o f\u00edsico a este inmueble no fue tan grave y que puede restaurarse sin mayores complicaciones. Indicaron que ya tuvieron contacto con el Instituto Nacional de Antropolog\u00eda e Historia para ver lo relativo a su restauraci\u00f3n y que por ser un inmueble propiedad de la Naci\u00f3n, apoye en gran medida en la parte econ\u00f3mica. El p\u00e1rroco del templo reiter\u00f3 que de acuerdo al diagn\u00f3stico realizado por los peritos todo da\u00f1o causado al inmueble es [&hellip;]<\/p>\n","protected":false},"author":2,"featured_media":195471,"comment_status":"closed","ping_status":"closed","sticky":false,"template":"","format":"video","meta":{"_monsterinsights_skip_tracking":false,"_monsterinsights_sitenote_active":false,"_monsterinsights_sitenote_note":"","_monsterinsights_sitenote_category":0,"footnotes":""},"categories":[5,45],"tags":[],"class_list":["post-195441","post","type-post","status-publish","format-video","has-post-thumbnail","hentry","category-destacadas","category-localesyregionales","post_format-post-format-video","post--single"],"_links":{"self":[{"href":"https:\/\/canal7slp.tv\/2026\/wp-json\/wp\/v2\/posts\/195441","targetHints":{"allow":["GET"]}}],"collection":[{"href":"https:\/\/canal7slp.tv\/2026\/wp-json\/wp\/v2\/posts"}],"about":[{"href":"https:\/\/canal7slp.tv\/2026\/wp-json\/wp\/v2\/types\/post"}],"author":[{"embeddable":true,"href":"https:\/\/canal7slp.tv\/2026\/wp-json\/wp\/v2\/users\/2"}],"replies":[{"embeddable":true,"href":"https:\/\/canal7slp.tv\/2026\/wp-json\/wp\/v2\/comments?post=195441"}],"version-history":[{"count":2,"href":"https:\/\/canal7slp.tv\/2026\/wp-json\/wp\/v2\/posts\/195441\/revisions"}],"predecessor-version":[{"id":195472,"href":"https:\/\/canal7slp.tv\/2026\/wp-json\/wp\/v2\/posts\/195441\/revisions\/195472"}],"wp:featuredmedia":[{"embeddable":true,"href":"https:\/\/canal7slp.tv\/2026\/wp-json\/wp\/v2\/media\/195471"}],"wp:attachment":[{"href":"https:\/\/canal7slp.tv\/2026\/wp-json\/wp\/v2\/media?parent=195441"}],"wp:term":[{"taxonomy":"category","embeddable":true,"href":"https:\/\/canal7slp.tv\/2026\/wp-json\/wp\/v2\/categories?post=195441"},{"taxonomy":"post_tag","embeddable":true,"href":"https:\/\/canal7slp.tv\/2026\/wp-json\/wp\/v2\/tags?post=195441"}],"curies":[{"name":"wp","href":"https:\/\/api.w.org\/{rel}","templated":true}]}}