{"id":195426,"date":"2026-03-11T18:24:23","date_gmt":"2026-03-12T00:24:23","guid":{"rendered":"https:\/\/canal7slp.tv\/2026\/?p=195426"},"modified":"2026-03-11T18:24:23","modified_gmt":"2026-03-12T00:24:23","slug":"necesario-priorizar-autocuidado-para-evitar-incendios-en-predios-senalan-autoridades-soledenses","status":"publish","type":"post","link":"https:\/\/canal7slp.tv\/2026\/necesario-priorizar-autocuidado-para-evitar-incendios-en-predios-senalan-autoridades-soledenses\/","title":{"rendered":"Necesario priorizar autocuidado para evitar incendios en predios -se\u00f1alan autoridades soledenses-"},"content":{"rendered":"<p style=\"text-align: justify;\"><span style=\"font-size: 1.21429rem;\">SGS.- Vital generar acciones para prevenir incendios forestales, asever\u00f3 la titular de la Direcci\u00f3n de Ecolog\u00eda de Soledad de Graciano S\u00e1nchez, Yazm\u00edn Johana Luna Barrios.<\/span><\/p>\n<p style=\"text-align: justify;\">\u201cTenemos una reuni\u00f3n importante con Gobierno del Estado para pues poder podernos de acuerdo y cerrar filas, para poder trabajar en conjunto, dado que bueno, se viene el tiempo de calor, el tiempo de las altas temperaturas y bueno, eso nos llama a que hay m\u00e1s incendios en nuestro municipio\u201d .<\/p>\n<p style=\"text-align: justify;\">Se\u00f1al\u00f3 que la intervenci\u00f3n de la Direcci\u00f3n de Ecolog\u00eda se da cuando los siniestros relacionados al fuego, suceden al interior de la mancha urbana.<\/p>\n<p style=\"text-align: justify;\">\u201cVamos cuando hay un da\u00f1o al ecosistema y que son predios privados, eso es cuando nosotros acudimos\u201d.<\/p>\n<p style=\"text-align: justify;\">En el a\u00f1o 2025 hubo un incendio trascendental.<\/p>\n<p style=\"text-align: justify;\">\u201cUno del a\u00f1o pasado terrible fue el de aqu\u00ed de Valent\u00edn Amador, que fue un incendio muy nombrado y de muy alta densidad (\u2026) y de ah\u00ed se derivaron otros que no fueron tan nombrados como \u00e9l, fueron varios peque\u00f1os, \u00bfqu\u00e9 te estoy hablando?, de alrededor, a lo mejor de unos 10 incendios o connatos de incendio\u201d.<\/p>\n<p style=\"text-align: justify;\">Dijo que se han detectado espacios donde se pudieran generar siniestros.<\/p>\n<p style=\"text-align: justify;\">\u201cYa hemos detectado porque bueno, andamos en constante rondines, (\u2026) obviamente exhortando a los propietarios de los predios que no dejen crecer la maleza, que tengan un poco m\u00e1s de responsabilidad civil porque pues bueno, no hay un cuidado propio para ese tipo de predios y por eso se lleva a cabo los predios\u201d.<\/p>\n<p style=\"text-align: justify;\">A la fecha, existen 30 predios detectados, los cuales son proclives a prenderse en fuego en gran magnitud, debido a su tama\u00f1o y carga de material combustible como basura y maleza.<\/p>\n<p>Por: Juan Carlos Contreras<\/p>\n","protected":false},"excerpt":{"rendered":"<p>SGS.- Vital generar acciones para prevenir incendios forestales, asever\u00f3 la titular de la Direcci\u00f3n de Ecolog\u00eda de Soledad de Graciano S\u00e1nchez, Yazm\u00edn Johana Luna Barrios. \u201cTenemos una reuni\u00f3n importante con Gobierno del Estado para pues poder podernos de acuerdo y cerrar filas, para poder trabajar en conjunto, dado que bueno, se viene el tiempo de calor, el tiempo de las altas temperaturas y bueno, eso nos llama a que hay m\u00e1s incendios en nuestro municipio\u201d . Se\u00f1al\u00f3 que la intervenci\u00f3n de la Direcci\u00f3n de Ecolog\u00eda se da cuando los siniestros relacionados al fuego, suceden al interior de la mancha urbana. [&hellip;]<\/p>\n","protected":false},"author":2,"featured_media":195435,"comment_status":"closed","ping_status":"closed","sticky":false,"template":"","format":"video","meta":{"_monsterinsights_skip_tracking":false,"_monsterinsights_sitenote_active":false,"_monsterinsights_sitenote_note":"","_monsterinsights_sitenote_category":0,"footnotes":""},"categories":[512,5,45],"tags":[],"class_list":["post-195426","post","type-post","status-publish","format-video","has-post-thumbnail","hentry","category-ayosgs","category-destacadas","category-localesyregionales","post_format-post-format-video","post--single"],"_links":{"self":[{"href":"https:\/\/canal7slp.tv\/2026\/wp-json\/wp\/v2\/posts\/195426","targetHints":{"allow":["GET"]}}],"collection":[{"href":"https:\/\/canal7slp.tv\/2026\/wp-json\/wp\/v2\/posts"}],"about":[{"href":"https:\/\/canal7slp.tv\/2026\/wp-json\/wp\/v2\/types\/post"}],"author":[{"embeddable":true,"href":"https:\/\/canal7slp.tv\/2026\/wp-json\/wp\/v2\/users\/2"}],"replies":[{"embeddable":true,"href":"https:\/\/canal7slp.tv\/2026\/wp-json\/wp\/v2\/comments?post=195426"}],"version-history":[{"count":2,"href":"https:\/\/canal7slp.tv\/2026\/wp-json\/wp\/v2\/posts\/195426\/revisions"}],"predecessor-version":[{"id":195460,"href":"https:\/\/canal7slp.tv\/2026\/wp-json\/wp\/v2\/posts\/195426\/revisions\/195460"}],"wp:featuredmedia":[{"embeddable":true,"href":"https:\/\/canal7slp.tv\/2026\/wp-json\/wp\/v2\/media\/195435"}],"wp:attachment":[{"href":"https:\/\/canal7slp.tv\/2026\/wp-json\/wp\/v2\/media?parent=195426"}],"wp:term":[{"taxonomy":"category","embeddable":true,"href":"https:\/\/canal7slp.tv\/2026\/wp-json\/wp\/v2\/categories?post=195426"},{"taxonomy":"post_tag","embeddable":true,"href":"https:\/\/canal7slp.tv\/2026\/wp-json\/wp\/v2\/tags?post=195426"}],"curies":[{"name":"wp","href":"https:\/\/api.w.org\/{rel}","templated":true}]}}