{"id":195425,"date":"2026-03-11T18:22:10","date_gmt":"2026-03-12T00:22:10","guid":{"rendered":"https:\/\/canal7slp.tv\/2026\/?p=195425"},"modified":"2026-03-11T18:22:10","modified_gmt":"2026-03-12T00:22:10","slug":"19-mil-842-hectareas-arrasadas-por-incendios-en-slp","status":"publish","type":"post","link":"https:\/\/canal7slp.tv\/2026\/19-mil-842-hectareas-arrasadas-por-incendios-en-slp\/","title":{"rendered":"19 mil 842 hect\u00e1reas, arrasadas por incendios en SLP"},"content":{"rendered":"<ul>\n<li style=\"text-align: justify;\">El siniestro que en mayor medida afect\u00f3 fue el registrado en Santo Domingo.<\/li>\n<\/ul>\n<p style=\"text-align: justify;\">SLP.- Del primero de enero a la primera semana del mes de marzo en San Luis Potos\u00ed se han consumido 19 mil 842 hect\u00e1reas en incendios forestales, lo que coloca a la entidad como la n\u00famero uno en este tema a nivel nacional, esto lo confirm\u00f3 la titular de la Secretar\u00eda de Ecolog\u00eda y Gesti\u00f3n Ambiental, Sonia Mendoza D\u00edaz.<\/p>\n<p style=\"text-align: justify;\">\u201cEsas son las hect\u00e1reas, s\u00ed decirte que en tema de territorio siniestrado s\u00ed estamos en primer lugar a nivel nacional, sobre todo por el incendio que se dio en Santo Domingo que arras\u00f3 con 15 mil 300 hect\u00e1reas aproximadamente\u201d.<\/p>\n<p style=\"text-align: justify;\">El Comit\u00e9 Estatal del Manejo del Fuego conformado por autoridades federales y estatales tiene tambi\u00e9n el reporte que el 60% de los siniestros son generados por irresponsabilidad de agricultores.<\/p>\n<p style=\"text-align: justify;\">\u201cLa mayor parte de los incendios tiene que ver con temas agr\u00edcolas, algunos son por temas de siniestros naturales, ca\u00edda de rayos, etc\u00e9tera, el dos por ciento, por lo menos en este a\u00f1o es provocado\u201d.<\/p>\n<p style=\"text-align: justify;\">Se han tenido incendios forestales en tres de cuatro regiones de la entidad.<\/p>\n<p style=\"text-align: justify;\">\u201cTenemos incendios en la zona Altiplano que es donde m\u00e1s ha habido, en la zona Centro, tambi\u00e9n aqu\u00ed sobre todo en Soledad, en Mexquitic (\u2026) ahorita afortunadamente en la Huasteca est\u00e1 tranquila\u201d.<\/p>\n<p style=\"text-align: justify;\">El d\u00eda 12 de marzo, la Secretar\u00eda de Ecolog\u00eda sostendr\u00e1 una reuni\u00f3n en la ciudad capital con los alcalde de la zona Centro, a fin de ofrecer informaci\u00f3n preventiva en el tema de siniestros forestales de cara a la temporada de incendios.<\/p>\n<p>Por: Juan Carlos Contreras<\/p>\n","protected":false},"excerpt":{"rendered":"<p>El siniestro que en mayor medida afect\u00f3 fue el registrado en Santo Domingo. SLP.- Del primero de enero a la primera semana del mes de marzo en San Luis Potos\u00ed se han consumido 19 mil 842 hect\u00e1reas en incendios forestales, lo que coloca a la entidad como la n\u00famero uno en este tema a nivel nacional, esto lo confirm\u00f3 la titular de la Secretar\u00eda de Ecolog\u00eda y Gesti\u00f3n Ambiental, Sonia Mendoza D\u00edaz. \u201cEsas son las hect\u00e1reas, s\u00ed decirte que en tema de territorio siniestrado s\u00ed estamos en primer lugar a nivel nacional, sobre todo por el incendio que se dio [&hellip;]<\/p>\n","protected":false},"author":2,"featured_media":195434,"comment_status":"closed","ping_status":"closed","sticky":false,"template":"","format":"video","meta":{"_monsterinsights_skip_tracking":false,"_monsterinsights_sitenote_active":false,"_monsterinsights_sitenote_note":"","_monsterinsights_sitenote_category":0,"footnotes":""},"categories":[5,510,45],"tags":[],"class_list":["post-195425","post","type-post","status-publish","format-video","has-post-thumbnail","hentry","category-destacadas","category-gobedoslp","category-localesyregionales","post_format-post-format-video","post--single"],"_links":{"self":[{"href":"https:\/\/canal7slp.tv\/2026\/wp-json\/wp\/v2\/posts\/195425","targetHints":{"allow":["GET"]}}],"collection":[{"href":"https:\/\/canal7slp.tv\/2026\/wp-json\/wp\/v2\/posts"}],"about":[{"href":"https:\/\/canal7slp.tv\/2026\/wp-json\/wp\/v2\/types\/post"}],"author":[{"embeddable":true,"href":"https:\/\/canal7slp.tv\/2026\/wp-json\/wp\/v2\/users\/2"}],"replies":[{"embeddable":true,"href":"https:\/\/canal7slp.tv\/2026\/wp-json\/wp\/v2\/comments?post=195425"}],"version-history":[{"count":2,"href":"https:\/\/canal7slp.tv\/2026\/wp-json\/wp\/v2\/posts\/195425\/revisions"}],"predecessor-version":[{"id":195459,"href":"https:\/\/canal7slp.tv\/2026\/wp-json\/wp\/v2\/posts\/195425\/revisions\/195459"}],"wp:featuredmedia":[{"embeddable":true,"href":"https:\/\/canal7slp.tv\/2026\/wp-json\/wp\/v2\/media\/195434"}],"wp:attachment":[{"href":"https:\/\/canal7slp.tv\/2026\/wp-json\/wp\/v2\/media?parent=195425"}],"wp:term":[{"taxonomy":"category","embeddable":true,"href":"https:\/\/canal7slp.tv\/2026\/wp-json\/wp\/v2\/categories?post=195425"},{"taxonomy":"post_tag","embeddable":true,"href":"https:\/\/canal7slp.tv\/2026\/wp-json\/wp\/v2\/tags?post=195425"}],"curies":[{"name":"wp","href":"https:\/\/api.w.org\/{rel}","templated":true}]}}