{"id":195424,"date":"2026-03-11T18:20:32","date_gmt":"2026-03-12T00:20:32","guid":{"rendered":"https:\/\/canal7slp.tv\/2026\/?p=195424"},"modified":"2026-03-11T18:20:32","modified_gmt":"2026-03-12T00:20:32","slug":"arrancan-autoridades-soledenses-construccion-de-parque-urbano-en-la-colonia-fidel-velazquez","status":"publish","type":"post","link":"https:\/\/canal7slp.tv\/2026\/arrancan-autoridades-soledenses-construccion-de-parque-urbano-en-la-colonia-fidel-velazquez\/","title":{"rendered":"Arrancan autoridades soledenses construcci\u00f3n de parque urbano en la colonia Fidel Vel\u00e1zquez"},"content":{"rendered":"<p style=\"text-align: justify;\"><span style=\"font-size: 1.21429rem;\">SGS.- El Ayuntamiento de Soledad de Graciano S\u00e1nchez, comenz\u00f3 con evento protocolario, las obras de creaci\u00f3n del parque urbano en la Plaza Primero de Mayo en la colonia Fidel Vel\u00e1zquez.<\/span><\/p>\n<p style=\"text-align: justify;\">La ciudadana Mar\u00eda del Carmen \u00c1lvarez, ofreci\u00f3 unas palabras a los asistentes al arranque de obra.<\/p>\n<p style=\"text-align: justify;\">\u201cLas gracias por haber volteado a ver y a llevar una obra que muchos a\u00f1os estuvimos pidiendo (\u2026) sabemos que nos va a brindar mayor bienestar a nuestros j\u00f3venes y ni\u00f1os, un lugar para el sano esparcimiento (\u2026) estamos muy agradecidos tambi\u00e9n porque nos ha escuchado una y otra ocasi\u00f3n que hemos pedido y hemos pedido la ayuda y que nos ha estado dando la pauta a todos\u201d.<\/p>\n<p style=\"text-align: justify;\">El secretario general del ayuntamiento soledense, Benjam\u00edn P\u00e9rez \u00c1lvarez, habl\u00f3 sobre las acciones a generar.<\/p>\n<p style=\"text-align: justify;\">\u201cY estamos aqu\u00ed para dar el banderazo de arranque de un moderno y funcional parque (\u2026) en este parque tendr\u00e1n pronto un lugar para el sano esparcimiento, con juegos infantiles, espacios para mascotas, ser\u00e1 moderno e integral y clave para aumentar la seguridad de la zona, adem\u00e1s de generar la buena integraci\u00f3n entre vecinos, ni\u00f1os y j\u00f3venes\u201d.<\/p>\n<p style=\"text-align: justify;\">Durante el evento, algunas ciudadanas exigieron el suministro de agua en la colonia al ayuntamiento, por lo que el secretario asever\u00f3 que se apoyar\u00e1 con pipas de agua ante la escases de vital l\u00edquido que se vive en la zona.<\/p>\n<p style=\"text-align: justify;\">\u201cPues entendemos y somos emp\u00e1ticos con la molestia que tienen, este pozo de acuerdo al informe de Interapas fue reparado no hace m\u00e1s de 15 d\u00edas, a la semana volvi\u00f3 a fallar (\u2026) nosotros dentro de los alcances que tiene el municipio, pues dotamos del servicio de agua a trav\u00e9s de pipas\u201d.<\/p>\n<p>Por: Juan Carlos Contreras<\/p>\n","protected":false},"excerpt":{"rendered":"<p>SGS.- El Ayuntamiento de Soledad de Graciano S\u00e1nchez, comenz\u00f3 con evento protocolario, las obras de creaci\u00f3n del parque urbano en la Plaza Primero de Mayo en la colonia Fidel Vel\u00e1zquez. La ciudadana Mar\u00eda del Carmen \u00c1lvarez, ofreci\u00f3 unas palabras a los asistentes al arranque de obra. \u201cLas gracias por haber volteado a ver y a llevar una obra que muchos a\u00f1os estuvimos pidiendo (\u2026) sabemos que nos va a brindar mayor bienestar a nuestros j\u00f3venes y ni\u00f1os, un lugar para el sano esparcimiento (\u2026) estamos muy agradecidos tambi\u00e9n porque nos ha escuchado una y otra ocasi\u00f3n que hemos pedido y [&hellip;]<\/p>\n","protected":false},"author":2,"featured_media":195433,"comment_status":"closed","ping_status":"closed","sticky":false,"template":"","format":"video","meta":{"_monsterinsights_skip_tracking":false,"_monsterinsights_sitenote_active":false,"_monsterinsights_sitenote_note":"","_monsterinsights_sitenote_category":0,"footnotes":""},"categories":[512,5,45],"tags":[],"class_list":["post-195424","post","type-post","status-publish","format-video","has-post-thumbnail","hentry","category-ayosgs","category-destacadas","category-localesyregionales","post_format-post-format-video","post--single"],"_links":{"self":[{"href":"https:\/\/canal7slp.tv\/2026\/wp-json\/wp\/v2\/posts\/195424","targetHints":{"allow":["GET"]}}],"collection":[{"href":"https:\/\/canal7slp.tv\/2026\/wp-json\/wp\/v2\/posts"}],"about":[{"href":"https:\/\/canal7slp.tv\/2026\/wp-json\/wp\/v2\/types\/post"}],"author":[{"embeddable":true,"href":"https:\/\/canal7slp.tv\/2026\/wp-json\/wp\/v2\/users\/2"}],"replies":[{"embeddable":true,"href":"https:\/\/canal7slp.tv\/2026\/wp-json\/wp\/v2\/comments?post=195424"}],"version-history":[{"count":2,"href":"https:\/\/canal7slp.tv\/2026\/wp-json\/wp\/v2\/posts\/195424\/revisions"}],"predecessor-version":[{"id":195458,"href":"https:\/\/canal7slp.tv\/2026\/wp-json\/wp\/v2\/posts\/195424\/revisions\/195458"}],"wp:featuredmedia":[{"embeddable":true,"href":"https:\/\/canal7slp.tv\/2026\/wp-json\/wp\/v2\/media\/195433"}],"wp:attachment":[{"href":"https:\/\/canal7slp.tv\/2026\/wp-json\/wp\/v2\/media?parent=195424"}],"wp:term":[{"taxonomy":"category","embeddable":true,"href":"https:\/\/canal7slp.tv\/2026\/wp-json\/wp\/v2\/categories?post=195424"},{"taxonomy":"post_tag","embeddable":true,"href":"https:\/\/canal7slp.tv\/2026\/wp-json\/wp\/v2\/tags?post=195424"}],"curies":[{"name":"wp","href":"https:\/\/api.w.org\/{rel}","templated":true}]}}