{"id":195404,"date":"2026-03-11T15:10:17","date_gmt":"2026-03-11T21:10:17","guid":{"rendered":"https:\/\/canal7slp.tv\/2026\/?p=195404"},"modified":"2026-03-11T15:10:17","modified_gmt":"2026-03-11T21:10:17","slug":"trump-acusa-a-espana-de-no-cooperar-en-la-guerra-contra-iran","status":"publish","type":"post","link":"https:\/\/canal7slp.tv\/2026\/trump-acusa-a-espana-de-no-cooperar-en-la-guerra-contra-iran\/","title":{"rendered":"Trump acusa a Espa\u00f1a de no cooperar en la guerra contra Ir\u00e1n"},"content":{"rendered":"<ul>\n<li style=\"text-align: justify;\">Amenaza con romper relaciones comerciales.<\/li>\n<\/ul>\n<p style=\"text-align: justify;\">EEUU.- El presidente de Estados Unidos, Donald Trump, reiter\u00f3 este mi\u00e9rcoles que Espa\u00f1a no ha cooperado en la guerra contra Ir\u00e1n y calific\u00f3 la postura del Gobierno espa\u00f1ol como \u201cmala\u201d, adem\u00e1s de advertir sobre la posibilidad de romper relaciones comerciales con el pa\u00eds europeo.<\/p>\n<p style=\"text-align: justify;\">Durante una rueda de prensa, el mandatario estadounidense critic\u00f3 la posici\u00f3n de Madrid frente a la operaci\u00f3n conjunta de Estados Unidos e Israel contra Ir\u00e1n.<\/p>\n<p style=\"text-align: justify;\">Al ser cuestionado sobre la participaci\u00f3n de Espa\u00f1a en el conflicto, Trump asegur\u00f3 que el pa\u00eds no ha brindado ning\u00fan apoyo y lanz\u00f3 cr\u00edticas directas a la administraci\u00f3n del presidente Pedro S\u00e1nchez.<\/p>\n<p style=\"text-align: justify;\">\u201cCreo que no est\u00e1n cooperando en absoluto. Creo que se han portado muy mal, muy mal. Quiz\u00e1s cortemos el comercio con Espa\u00f1a\u201d, declar\u00f3.<\/p>\n<p style=\"text-align: justify;\">El mandatario tambi\u00e9n cuestion\u00f3 el nivel de gasto militar de Espa\u00f1a, al se\u00f1alar que el pa\u00eds no destina el 5 % de su Producto Interno Bruto (PIB) a defensa, como \u2014seg\u00fan afirm\u00f3\u2014 lo hacen otros aliados de la OTAN.<\/p>\n<p style=\"text-align: justify;\">\u201cEst\u00e1n protegidos, pero no quieren pagar su parte justa\u201d, a\u00f1adi\u00f3.<\/p>\n<p style=\"text-align: justify;\">Pese a sus cr\u00edticas al Gobierno espa\u00f1ol, Trump matiz\u00f3 sus declaraciones al elogiar al pueblo espa\u00f1ol, se\u00f1alando que \u201cla gente de Espa\u00f1a es fant\u00e1stica\u201d.<\/p>\n<p style=\"text-align: justify;\">La semana pasada, Trump ya hab\u00eda cuestionado a Espa\u00f1a por no autorizar el uso de las bases militares de Rota y Mor\u00f3n para los ataques contra Ir\u00e1n.<\/p>\n<p style=\"text-align: justify;\">En ese contexto, el mandatario estadounidense mencion\u00f3 la posibilidad de imponer un embargo comercial a Espa\u00f1a, aunque el pa\u00eds europeo forma parte de la Uni\u00f3n Europea, bloque que negocia de manera conjunta sus relaciones comerciales con Washington.<\/p>\n<p style=\"text-align: justify;\">Por su parte, el presidente del Gobierno espa\u00f1ol, Pedro S\u00e1nchez, calific\u00f3 como \u201cun error\u201d las operaciones militares en Ir\u00e1n y advirti\u00f3 que podr\u00edan tener consecuencias significativas para la estabilidad internacional.<\/p>\n<p style=\"text-align: justify;\">No obstante, S\u00e1nchez expres\u00f3 su \u201cadmiraci\u00f3n\u201d por la sociedad estadounidense y reiter\u00f3 su respeto hacia la presidencia de Trump, en un intento por rebajar la tensi\u00f3n diplom\u00e1tica.<\/p>\n<p style=\"text-align: justify;\">Espa\u00f1a alberga infraestructura militar clave para Estados Unidos y la OTAN, entre ellas la base naval de Rota y la base a\u00e9rea de Mor\u00f3n, fundamentales para operaciones militares y log\u00edsticas en Europa, \u00c1frica y Oriente Medio.<\/p>\n<p style=\"text-align: justify;\">Tras el inicio de los ataques contra Ir\u00e1n, el Gobierno espa\u00f1ol anunci\u00f3 el env\u00edo de la fragata Crist\u00f3bal Col\u00f3n a Chipre, con el objetivo de contribuir a las tareas de defensa y seguridad colectiva de los pa\u00edses europeos.<\/p>\n","protected":false},"excerpt":{"rendered":"<p>Amenaza con romper relaciones comerciales. EEUU.- El presidente de Estados Unidos, Donald Trump, reiter\u00f3 este mi\u00e9rcoles que Espa\u00f1a no ha cooperado en la guerra contra Ir\u00e1n y calific\u00f3 la postura del Gobierno espa\u00f1ol como \u201cmala\u201d, adem\u00e1s de advertir sobre la posibilidad de romper relaciones comerciales con el pa\u00eds europeo. Durante una rueda de prensa, el mandatario estadounidense critic\u00f3 la posici\u00f3n de Madrid frente a la operaci\u00f3n conjunta de Estados Unidos e Israel contra Ir\u00e1n. Al ser cuestionado sobre la participaci\u00f3n de Espa\u00f1a en el conflicto, Trump asegur\u00f3 que el pa\u00eds no ha brindado ning\u00fan apoyo y lanz\u00f3 cr\u00edticas directas a [&hellip;]<\/p>\n","protected":false},"author":2,"featured_media":195405,"comment_status":"closed","ping_status":"closed","sticky":false,"template":"","format":"standard","meta":{"_monsterinsights_skip_tracking":false,"_monsterinsights_sitenote_active":false,"_monsterinsights_sitenote_note":"","_monsterinsights_sitenote_category":0,"footnotes":""},"categories":[44],"tags":[],"class_list":["post-195404","post","type-post","status-publish","format-standard","has-post-thumbnail","hentry","category-internacional","post--single"],"_links":{"self":[{"href":"https:\/\/canal7slp.tv\/2026\/wp-json\/wp\/v2\/posts\/195404","targetHints":{"allow":["GET"]}}],"collection":[{"href":"https:\/\/canal7slp.tv\/2026\/wp-json\/wp\/v2\/posts"}],"about":[{"href":"https:\/\/canal7slp.tv\/2026\/wp-json\/wp\/v2\/types\/post"}],"author":[{"embeddable":true,"href":"https:\/\/canal7slp.tv\/2026\/wp-json\/wp\/v2\/users\/2"}],"replies":[{"embeddable":true,"href":"https:\/\/canal7slp.tv\/2026\/wp-json\/wp\/v2\/comments?post=195404"}],"version-history":[{"count":1,"href":"https:\/\/canal7slp.tv\/2026\/wp-json\/wp\/v2\/posts\/195404\/revisions"}],"predecessor-version":[{"id":195406,"href":"https:\/\/canal7slp.tv\/2026\/wp-json\/wp\/v2\/posts\/195404\/revisions\/195406"}],"wp:featuredmedia":[{"embeddable":true,"href":"https:\/\/canal7slp.tv\/2026\/wp-json\/wp\/v2\/media\/195405"}],"wp:attachment":[{"href":"https:\/\/canal7slp.tv\/2026\/wp-json\/wp\/v2\/media?parent=195404"}],"wp:term":[{"taxonomy":"category","embeddable":true,"href":"https:\/\/canal7slp.tv\/2026\/wp-json\/wp\/v2\/categories?post=195404"},{"taxonomy":"post_tag","embeddable":true,"href":"https:\/\/canal7slp.tv\/2026\/wp-json\/wp\/v2\/tags?post=195404"}],"curies":[{"name":"wp","href":"https:\/\/api.w.org\/{rel}","templated":true}]}}