{"id":195391,"date":"2026-03-10T22:00:15","date_gmt":"2026-03-11T04:00:15","guid":{"rendered":"https:\/\/canal7slp.tv\/2026\/?p=195391"},"modified":"2026-03-11T14:51:28","modified_gmt":"2026-03-11T20:51:28","slug":"morena-impulsa-reforma-electoral-pero-pt-y-pvem-se-desmarcan-en-comisiones","status":"publish","type":"post","link":"https:\/\/canal7slp.tv\/2026\/morena-impulsa-reforma-electoral-pero-pt-y-pvem-se-desmarcan-en-comisiones\/","title":{"rendered":"Morena impulsa reforma electoral, pero PT y PVEM se desmarcan en comisiones"},"content":{"rendered":"<p style=\"text-align: justify;\">M\u00e9xico.- Las comisiones unidas de Puntos Constitucionales y de Reforma Pol\u00edtica-Electoral de la C\u00e1mara de Diputados aprobaron el dictamen de la reforma electoral propuesta por la presidenta Claudia Sheinbaum, con 45 votos a favor y 39 en contra.<\/p>\n<p style=\"text-align: justify;\">El proyecto obtuvo el respaldo \u00fanicamente de los legisladores de Morena, mientras que diputados del Partido del Trabajo (PT), Partido Verde Ecologista de M\u00e9xico (PVEM), Partido Acci\u00f3n Nacional (PAN), Partido Revolucionario Institucional (PRI) y Movimiento Ciudadano (MC) votaron en contra.<\/p>\n<p style=\"text-align: justify;\">Aunque la iniciativa avanz\u00f3 en comisiones con mayor\u00eda simple, su aprobaci\u00f3n en el pleno de la C\u00e1mara de Diputados requerir\u00e1 una mayor\u00eda calificada de 334 votos.<\/p>\n<p style=\"text-align: justify;\">Sin el apoyo de sus aliados legislativos, Morena podr\u00eda reunir alrededor de 253 votos, lo que anticipa un escenario complicado para que la reforma sea aprobada.<\/p>\n<p style=\"text-align: justify;\">Durante la discusi\u00f3n del dictamen, varios partidos \u2014incluidos algunos que suelen respaldar a Morena\u2014 manifestaron su desacuerdo con la propuesta.<\/p>\n<p style=\"text-align: justify;\">El diputado Ricardo Astudillo, del PVEM, solicit\u00f3 realizar modificaciones al proyecto. Se\u00f1al\u00f3 que, aunque su partido coincide con algunos puntos de la iniciativa, considera que puede perfeccionarse para garantizar condiciones de mayor equidad en la competencia democr\u00e1tica.<\/p>\n<p style=\"text-align: justify;\">Por su parte, el diputado Pedro V\u00e1zquez, del PT, afirm\u00f3 que su bancada se opone al dictamen, y se\u00f1al\u00f3 que su partido ha sido criticado por defender espacios para las voces minoritarias.<\/p>\n<p style=\"text-align: justify;\">No obstante, V\u00e1zquez destac\u00f3 que a\u00fan existen posibilidades de di\u00e1logo y ajustes a la iniciativa, con el objetivo de fortalecer la reforma y mantener el proyecto pol\u00edtico de la llamada Cuarta Transformaci\u00f3n junto a la presidenta Sheinbaum.<\/p>\n","protected":false},"excerpt":{"rendered":"<p>M\u00e9xico.- Las comisiones unidas de Puntos Constitucionales y de Reforma Pol\u00edtica-Electoral de la C\u00e1mara de Diputados aprobaron el dictamen de la reforma electoral propuesta por la presidenta Claudia Sheinbaum, con 45 votos a favor y 39 en contra. El proyecto obtuvo el respaldo \u00fanicamente de los legisladores de Morena, mientras que diputados del Partido del Trabajo (PT), Partido Verde Ecologista de M\u00e9xico (PVEM), Partido Acci\u00f3n Nacional (PAN), Partido Revolucionario Institucional (PRI) y Movimiento Ciudadano (MC) votaron en contra. Aunque la iniciativa avanz\u00f3 en comisiones con mayor\u00eda simple, su aprobaci\u00f3n en el pleno de la C\u00e1mara de Diputados requerir\u00e1 una mayor\u00eda [&hellip;]<\/p>\n","protected":false},"author":2,"featured_media":195392,"comment_status":"closed","ping_status":"closed","sticky":false,"template":"","format":"standard","meta":{"_monsterinsights_skip_tracking":false,"_monsterinsights_sitenote_active":false,"_monsterinsights_sitenote_note":"","_monsterinsights_sitenote_category":0,"footnotes":""},"categories":[46],"tags":[],"class_list":["post-195391","post","type-post","status-publish","format-standard","has-post-thumbnail","hentry","category-nacional","post--single"],"_links":{"self":[{"href":"https:\/\/canal7slp.tv\/2026\/wp-json\/wp\/v2\/posts\/195391","targetHints":{"allow":["GET"]}}],"collection":[{"href":"https:\/\/canal7slp.tv\/2026\/wp-json\/wp\/v2\/posts"}],"about":[{"href":"https:\/\/canal7slp.tv\/2026\/wp-json\/wp\/v2\/types\/post"}],"author":[{"embeddable":true,"href":"https:\/\/canal7slp.tv\/2026\/wp-json\/wp\/v2\/users\/2"}],"replies":[{"embeddable":true,"href":"https:\/\/canal7slp.tv\/2026\/wp-json\/wp\/v2\/comments?post=195391"}],"version-history":[{"count":1,"href":"https:\/\/canal7slp.tv\/2026\/wp-json\/wp\/v2\/posts\/195391\/revisions"}],"predecessor-version":[{"id":195393,"href":"https:\/\/canal7slp.tv\/2026\/wp-json\/wp\/v2\/posts\/195391\/revisions\/195393"}],"wp:featuredmedia":[{"embeddable":true,"href":"https:\/\/canal7slp.tv\/2026\/wp-json\/wp\/v2\/media\/195392"}],"wp:attachment":[{"href":"https:\/\/canal7slp.tv\/2026\/wp-json\/wp\/v2\/media?parent=195391"}],"wp:term":[{"taxonomy":"category","embeddable":true,"href":"https:\/\/canal7slp.tv\/2026\/wp-json\/wp\/v2\/categories?post=195391"},{"taxonomy":"post_tag","embeddable":true,"href":"https:\/\/canal7slp.tv\/2026\/wp-json\/wp\/v2\/tags?post=195391"}],"curies":[{"name":"wp","href":"https:\/\/api.w.org\/{rel}","templated":true}]}}