{"id":195363,"date":"2026-03-11T13:31:31","date_gmt":"2026-03-11T19:31:31","guid":{"rendered":"https:\/\/canal7slp.tv\/2026\/?p=195363"},"modified":"2026-03-11T13:31:31","modified_gmt":"2026-03-11T19:31:31","slug":"reglas-de-origen-y-seguridad-entre-principales-puntos-de-revision-del-t-mec","status":"publish","type":"post","link":"https:\/\/canal7slp.tv\/2026\/reglas-de-origen-y-seguridad-entre-principales-puntos-de-revision-del-t-mec\/","title":{"rendered":"Reglas de origen y seguridad; entre principales puntos de revisi\u00f3n del T-MEC"},"content":{"rendered":"<p style=\"text-align: justify;\"><span style=\"font-size: 1.21429rem;\">SLP.- M\u00e9xico quiere llegar a la revisi\u00f3n del T-MEC con una sola voz.<\/span><\/p>\n<p style=\"text-align: justify;\">Tras meses de consultas con representantes de empresas, c\u00e1maras industriales y gobiernos estatales, la Secretar\u00eda de Econom\u00eda sostuvo que existe consenso sobre el valor del acuerdo -y que el siguiente paso ser\u00eda fortalecer cadenas productivas de la regi\u00f3n, para competir con Asia-.<\/p>\n<p style=\"text-align: justify;\">El proceso de consultas reuni\u00f3 a empresas, c\u00e1maras industriales, organizaciones agropecuarias, sindicatos y especialistas acad\u00e9micos.<\/p>\n<p style=\"text-align: justify;\">El objetivo fue emitir postura nacional antes del inicio de conversaciones formales entre socios de Norteam\u00e9rica.<\/p>\n<p style=\"text-align: justify;\">Los resultados arrojaron que 84 por ciento de participantes de los sectores y 75.9 por ciento de entidades consideran que el tratado ha sido positivo para el pa\u00eds y debe mantenerse.<\/p>\n<p style=\"text-align: justify;\">El secretario de Econom\u00eda, Marcelo Ebrard, explic\u00f3 que el ejercicio permiti\u00f3 confirmar consenso amplio sobre la importancia del acuerdo para la econom\u00eda mexicana.<\/p>\n<p style=\"text-align: justify;\">Un a\u00f1o atr\u00e1s habr\u00eda sido cuando Ebrard extern\u00f3 que el debate giraba en torno a la continuidad del tratado y el d\u00e9ficit comercial.<\/p>\n<p style=\"text-align: justify;\">Pero el enfoque cambi\u00f3 y la discusi\u00f3n ahora se centra en c\u00f3mo fortalecer la integraci\u00f3n econ\u00f3mica regional.<\/p>\n<p style=\"text-align: justify;\">Las consultas ayudaron a definir la agenda que M\u00e9xico llevar\u00e1 a la negociaci\u00f3n con Estados Unidos y Canad\u00e1.<\/p>\n<p style=\"text-align: justify;\">La estrategia mexicana se concentrar\u00e1 en tres ejes:<\/p>\n<p style=\"text-align: justify;\">El primero consiste en reducir la dependencia de Norteam\u00e9rica respecto a otras regiones del mundo.<\/p>\n<p style=\"text-align: justify;\">Por ejemplo, M\u00e9xico y Estados Unidos dependen en cerca de 90 por ciento de insumos externos para producir medicamentos y diversos componentes industriales clave -lo que expone a la regi\u00f3n a interrupciones en las cadenas de suministro-.<\/p>\n<p style=\"text-align: justify;\">El segundo tema son las reglas de origen&#8230; un elemento central del tratado que define qu\u00e9 productos pueden beneficiarse de las preferencias arancelarias.<\/p>\n<p style=\"text-align: justify;\">M\u00e9xico buscar\u00eda revisar los mecanismos para fortalecer la producci\u00f3n regional sin afectar la operaci\u00f3n de cadenas industriales existentes.<\/p>\n<p style=\"text-align: justify;\">En tanto, el tercer eje se relaciona con seguridad econ\u00f3mica y resiliencia de cadenas productivas en un contexto internacional -marcado por tensiones geopol\u00edticas entre potencias mundiales-.<\/p>\n<p>Por: Paulina Rodr\u00edguez<\/p>\n","protected":false},"excerpt":{"rendered":"<p>SLP.- M\u00e9xico quiere llegar a la revisi\u00f3n del T-MEC con una sola voz. Tras meses de consultas con representantes de empresas, c\u00e1maras industriales y gobiernos estatales, la Secretar\u00eda de Econom\u00eda sostuvo que existe consenso sobre el valor del acuerdo -y que el siguiente paso ser\u00eda fortalecer cadenas productivas de la regi\u00f3n, para competir con Asia-. El proceso de consultas reuni\u00f3 a empresas, c\u00e1maras industriales, organizaciones agropecuarias, sindicatos y especialistas acad\u00e9micos. El objetivo fue emitir postura nacional antes del inicio de conversaciones formales entre socios de Norteam\u00e9rica. Los resultados arrojaron que 84 por ciento de participantes de los sectores y 75.9 [&hellip;]<\/p>\n","protected":false},"author":2,"featured_media":195365,"comment_status":"closed","ping_status":"closed","sticky":false,"template":"","format":"video","meta":{"_monsterinsights_skip_tracking":false,"_monsterinsights_sitenote_active":false,"_monsterinsights_sitenote_note":"","_monsterinsights_sitenote_category":0,"footnotes":""},"categories":[5,40,45],"tags":[],"class_list":["post-195363","post","type-post","status-publish","format-video","has-post-thumbnail","hentry","category-destacadas","category-economia","category-localesyregionales","post_format-post-format-video","post--single"],"_links":{"self":[{"href":"https:\/\/canal7slp.tv\/2026\/wp-json\/wp\/v2\/posts\/195363","targetHints":{"allow":["GET"]}}],"collection":[{"href":"https:\/\/canal7slp.tv\/2026\/wp-json\/wp\/v2\/posts"}],"about":[{"href":"https:\/\/canal7slp.tv\/2026\/wp-json\/wp\/v2\/types\/post"}],"author":[{"embeddable":true,"href":"https:\/\/canal7slp.tv\/2026\/wp-json\/wp\/v2\/users\/2"}],"replies":[{"embeddable":true,"href":"https:\/\/canal7slp.tv\/2026\/wp-json\/wp\/v2\/comments?post=195363"}],"version-history":[{"count":1,"href":"https:\/\/canal7slp.tv\/2026\/wp-json\/wp\/v2\/posts\/195363\/revisions"}],"predecessor-version":[{"id":195366,"href":"https:\/\/canal7slp.tv\/2026\/wp-json\/wp\/v2\/posts\/195363\/revisions\/195366"}],"wp:featuredmedia":[{"embeddable":true,"href":"https:\/\/canal7slp.tv\/2026\/wp-json\/wp\/v2\/media\/195365"}],"wp:attachment":[{"href":"https:\/\/canal7slp.tv\/2026\/wp-json\/wp\/v2\/media?parent=195363"}],"wp:term":[{"taxonomy":"category","embeddable":true,"href":"https:\/\/canal7slp.tv\/2026\/wp-json\/wp\/v2\/categories?post=195363"},{"taxonomy":"post_tag","embeddable":true,"href":"https:\/\/canal7slp.tv\/2026\/wp-json\/wp\/v2\/tags?post=195363"}],"curies":[{"name":"wp","href":"https:\/\/api.w.org\/{rel}","templated":true}]}}