{"id":195326,"date":"2026-03-10T18:58:10","date_gmt":"2026-03-11T00:58:10","guid":{"rendered":"https:\/\/canal7slp.tv\/2026\/?p=195326"},"modified":"2026-03-10T18:58:10","modified_gmt":"2026-03-11T00:58:10","slug":"partido-nueva-alianza-avala-que-pluris-se-voten","status":"publish","type":"post","link":"https:\/\/canal7slp.tv\/2026\/partido-nueva-alianza-avala-que-pluris-se-voten\/","title":{"rendered":"Partido Nueva Alianza avala que pluris se voten"},"content":{"rendered":"<p style=\"text-align: justify;\"><span style=\"font-size: 1.21429rem;\">SLP.- En el tema de la reforma electoral el dirigente estatal del Partido Nueva Alianza Cris\u00f3gono P\u00e9rez L\u00f3pez dijo estar de acuerdo en que los cargos plurinominales se voten, y no que sean seleccionados de una lista a pesar de que el mismo es diputado plurinominal.<\/span><\/p>\n<p style=\"text-align: justify;\">Reconoci\u00f3 que es un tema que generar\u00e1 mucho debate entre las fracciones parlamentarias en la C\u00e1mara Alta al decir que ser\u00e1 complicado llegar a un consenso.<\/p>\n<p style=\"text-align: justify;\">Sin embargo, el dirigente del partido Nueva Alianza insisti\u00f3 en que la reducci\u00f3n en el n\u00famero de diputaciones plurinominales es ben\u00e9fica, al decir que fortalece a la democracia.<\/p>\n<p style=\"text-align: justify;\">Por: Claudio Ibarra<\/p>\n","protected":false},"excerpt":{"rendered":"<p>SLP.- En el tema de la reforma electoral el dirigente estatal del Partido Nueva Alianza Cris\u00f3gono P\u00e9rez L\u00f3pez dijo estar de acuerdo en que los cargos plurinominales se voten, y no que sean seleccionados de una lista a pesar de que el mismo es diputado plurinominal. Reconoci\u00f3 que es un tema que generar\u00e1 mucho debate entre las fracciones parlamentarias en la C\u00e1mara Alta al decir que ser\u00e1 complicado llegar a un consenso. Sin embargo, el dirigente del partido Nueva Alianza insisti\u00f3 en que la reducci\u00f3n en el n\u00famero de diputaciones plurinominales es ben\u00e9fica, al decir que fortalece a la democracia. [&hellip;]<\/p>\n","protected":false},"author":2,"featured_media":195352,"comment_status":"closed","ping_status":"closed","sticky":false,"template":"","format":"video","meta":{"_monsterinsights_skip_tracking":false,"_monsterinsights_sitenote_active":false,"_monsterinsights_sitenote_note":"","_monsterinsights_sitenote_category":0,"footnotes":""},"categories":[5,45],"tags":[],"class_list":["post-195326","post","type-post","status-publish","format-video","has-post-thumbnail","hentry","category-destacadas","category-localesyregionales","post_format-post-format-video","post--single"],"_links":{"self":[{"href":"https:\/\/canal7slp.tv\/2026\/wp-json\/wp\/v2\/posts\/195326","targetHints":{"allow":["GET"]}}],"collection":[{"href":"https:\/\/canal7slp.tv\/2026\/wp-json\/wp\/v2\/posts"}],"about":[{"href":"https:\/\/canal7slp.tv\/2026\/wp-json\/wp\/v2\/types\/post"}],"author":[{"embeddable":true,"href":"https:\/\/canal7slp.tv\/2026\/wp-json\/wp\/v2\/users\/2"}],"replies":[{"embeddable":true,"href":"https:\/\/canal7slp.tv\/2026\/wp-json\/wp\/v2\/comments?post=195326"}],"version-history":[{"count":2,"href":"https:\/\/canal7slp.tv\/2026\/wp-json\/wp\/v2\/posts\/195326\/revisions"}],"predecessor-version":[{"id":195360,"href":"https:\/\/canal7slp.tv\/2026\/wp-json\/wp\/v2\/posts\/195326\/revisions\/195360"}],"wp:featuredmedia":[{"embeddable":true,"href":"https:\/\/canal7slp.tv\/2026\/wp-json\/wp\/v2\/media\/195352"}],"wp:attachment":[{"href":"https:\/\/canal7slp.tv\/2026\/wp-json\/wp\/v2\/media?parent=195326"}],"wp:term":[{"taxonomy":"category","embeddable":true,"href":"https:\/\/canal7slp.tv\/2026\/wp-json\/wp\/v2\/categories?post=195326"},{"taxonomy":"post_tag","embeddable":true,"href":"https:\/\/canal7slp.tv\/2026\/wp-json\/wp\/v2\/tags?post=195326"}],"curies":[{"name":"wp","href":"https:\/\/api.w.org\/{rel}","templated":true}]}}