{"id":195310,"date":"2026-03-10T17:23:06","date_gmt":"2026-03-10T23:23:06","guid":{"rendered":"https:\/\/canal7slp.tv\/2026\/?p=195310"},"modified":"2026-03-10T17:31:38","modified_gmt":"2026-03-10T23:31:38","slug":"con-472-votos-camara-de-diputados-designa-a-aureliano-hernandez-palacios-como-nuevo-titular-de-la-asf","status":"publish","type":"post","link":"https:\/\/canal7slp.tv\/2026\/con-472-votos-camara-de-diputados-designa-a-aureliano-hernandez-palacios-como-nuevo-titular-de-la-asf\/","title":{"rendered":"Con 472 votos, C\u00e1mara de Diputados designa a Aureliano Hern\u00e1ndez Palacios como nuevo titular de la ASF"},"content":{"rendered":"<p style=\"text-align: justify;\">M\u00e9xico.- La C\u00e1mara de Diputados design\u00f3 a Aureliano Hern\u00e1ndez Palacios como nuevo titular de la Auditor\u00eda Superior de la Federaci\u00f3n (ASF), cargo que asumir\u00e1 el pr\u00f3ximo 15 de marzo, tras la salida de David Rogelio Colmenares P\u00e1ramo.<\/p>\n<p style=\"text-align: justify;\">La elecci\u00f3n se realiz\u00f3 luego de que la Comisi\u00f3n de Vigilancia presentara una terna respaldada por todas las fuerzas pol\u00edticas, integrada por Hern\u00e1ndez Palacios, Elizabeth Barba Villaf\u00e1n y Luis Miguel Mart\u00ednez Anzures.<\/p>\n<p style=\"text-align: justify;\">En la votaci\u00f3n del pleno, Hern\u00e1ndez Palacios obtuvo 472 votos, con lo que fue electo para encabezar el \u00f3rgano fiscalizador durante un periodo de ocho a\u00f1os.<\/p>\n<p style=\"text-align: justify;\">Originario de Xalapa, Veracruz, Hern\u00e1ndez Palacios es economista y forma parte de la ASF desde 2018, cuando asumi\u00f3 el cargo de director general de Auditor\u00eda del Gasto Federalizado.<\/p>\n<p style=\"text-align: justify;\">En 2025 fue nombrado auditor especial en esa misma \u00e1rea. Antes de integrarse al \u00f3rgano fiscalizador, se desempe\u00f1\u00f3 como director general de Administraci\u00f3n en la Secretar\u00eda de Obras y Servicios de la Ciudad de M\u00e9xico.<\/p>\n<p style=\"text-align: justify;\">Su trayectoria familiar tambi\u00e9n est\u00e1 vinculada al servicio p\u00fablico. Su padre, Fernando Aureliano Hern\u00e1ndez Palacios, fue secretario particular de la presidenta Claudia Sheinbaum durante su gesti\u00f3n como jefa de Gobierno de la Ciudad de M\u00e9xico.<\/p>\n<p style=\"text-align: justify;\">Asimismo, su abuelo, Aureliano Hern\u00e1ndez Palacios, fue rector de la Universidad Veracruzana y presidente del Tribunal Superior de Justicia de Veracruz.<\/p>\n<p style=\"text-align: justify;\">La designaci\u00f3n ocurre al concluir el mandato de David Rogelio Colmenares P\u00e1ramo, quien encabez\u00f3 la ASF desde 2018 y buscaba permanecer en el cargo por un segundo periodo.<\/p>\n<p style=\"text-align: justify;\">Sin embargo, no fue incluido en la terna final tras el proceso de selecci\u00f3n en el que 92 personas se registraron como aspirantes, de las cuales 77 fueron evaluadas por la Comisi\u00f3n de Vigilancia, antes de definir a los tres finalistas.<\/p>\n","protected":false},"excerpt":{"rendered":"<p>M\u00e9xico.- La C\u00e1mara de Diputados design\u00f3 a Aureliano Hern\u00e1ndez Palacios como nuevo titular de la Auditor\u00eda Superior de la Federaci\u00f3n (ASF), cargo que asumir\u00e1 el pr\u00f3ximo 15 de marzo, tras la salida de David Rogelio Colmenares P\u00e1ramo. La elecci\u00f3n se realiz\u00f3 luego de que la Comisi\u00f3n de Vigilancia presentara una terna respaldada por todas las fuerzas pol\u00edticas, integrada por Hern\u00e1ndez Palacios, Elizabeth Barba Villaf\u00e1n y Luis Miguel Mart\u00ednez Anzures. En la votaci\u00f3n del pleno, Hern\u00e1ndez Palacios obtuvo 472 votos, con lo que fue electo para encabezar el \u00f3rgano fiscalizador durante un periodo de ocho a\u00f1os. Originario de Xalapa, Veracruz, Hern\u00e1ndez [&hellip;]<\/p>\n","protected":false},"author":2,"featured_media":195311,"comment_status":"closed","ping_status":"closed","sticky":false,"template":"","format":"standard","meta":{"_monsterinsights_skip_tracking":false,"_monsterinsights_sitenote_active":false,"_monsterinsights_sitenote_note":"","_monsterinsights_sitenote_category":0,"footnotes":""},"categories":[46],"tags":[],"class_list":["post-195310","post","type-post","status-publish","format-standard","has-post-thumbnail","hentry","category-nacional","post--single"],"_links":{"self":[{"href":"https:\/\/canal7slp.tv\/2026\/wp-json\/wp\/v2\/posts\/195310","targetHints":{"allow":["GET"]}}],"collection":[{"href":"https:\/\/canal7slp.tv\/2026\/wp-json\/wp\/v2\/posts"}],"about":[{"href":"https:\/\/canal7slp.tv\/2026\/wp-json\/wp\/v2\/types\/post"}],"author":[{"embeddable":true,"href":"https:\/\/canal7slp.tv\/2026\/wp-json\/wp\/v2\/users\/2"}],"replies":[{"embeddable":true,"href":"https:\/\/canal7slp.tv\/2026\/wp-json\/wp\/v2\/comments?post=195310"}],"version-history":[{"count":1,"href":"https:\/\/canal7slp.tv\/2026\/wp-json\/wp\/v2\/posts\/195310\/revisions"}],"predecessor-version":[{"id":195312,"href":"https:\/\/canal7slp.tv\/2026\/wp-json\/wp\/v2\/posts\/195310\/revisions\/195312"}],"wp:featuredmedia":[{"embeddable":true,"href":"https:\/\/canal7slp.tv\/2026\/wp-json\/wp\/v2\/media\/195311"}],"wp:attachment":[{"href":"https:\/\/canal7slp.tv\/2026\/wp-json\/wp\/v2\/media?parent=195310"}],"wp:term":[{"taxonomy":"category","embeddable":true,"href":"https:\/\/canal7slp.tv\/2026\/wp-json\/wp\/v2\/categories?post=195310"},{"taxonomy":"post_tag","embeddable":true,"href":"https:\/\/canal7slp.tv\/2026\/wp-json\/wp\/v2\/tags?post=195310"}],"curies":[{"name":"wp","href":"https:\/\/api.w.org\/{rel}","templated":true}]}}