{"id":195284,"date":"2026-03-10T14:41:31","date_gmt":"2026-03-10T20:41:31","guid":{"rendered":"https:\/\/canal7slp.tv\/2026\/?p=195284"},"modified":"2026-03-10T14:41:31","modified_gmt":"2026-03-10T20:41:31","slug":"macron-convoca-reunion-urgente-del-g7-por-alza-del-petroleo-tras-ataques-a-iran","status":"publish","type":"post","link":"https:\/\/canal7slp.tv\/2026\/macron-convoca-reunion-urgente-del-g7-por-alza-del-petroleo-tras-ataques-a-iran\/","title":{"rendered":"Macron convoca reuni\u00f3n urgente del G7 por alza del petr\u00f3leo tras ataques a Ir\u00e1n"},"content":{"rendered":"<p style=\"text-align: justify;\">Par\u00eds.- El presidente de Francia, Emmanuel Macron, anunci\u00f3 la convocatoria de una reuni\u00f3n extraordinaria de ministros de Energ\u00eda del G7, que se celebrar\u00e1 ma\u00f1ana con el objetivo de fortalecer la coordinaci\u00f3n entre las principales econom\u00edas del mundo ante el impacto que los ataques de Estados Unidos e Israel contra Ir\u00e1n est\u00e1n teniendo en los mercados energ\u00e9ticos.<\/p>\n<p style=\"text-align: justify;\">Durante un discurso pronunciado en Chipre, Macron subray\u00f3 la importancia de mantener una cooperaci\u00f3n estrecha en materia energ\u00e9tica y econ\u00f3mica. Se\u00f1al\u00f3 que este mismo lunes se celebr\u00f3 una reuni\u00f3n de ministros de Finanzas del G7, mientras que el encuentro de Energ\u00eda se realizar\u00e1 en paralelo a la cumbre internacional sobre energ\u00eda nuclear que tendr\u00e1 lugar en Par\u00eds.<\/p>\n<p style=\"text-align: justify;\">Desde el inicio del conflicto en Medio Oriente, los precios del petr\u00f3leo han aumentado m\u00e1s de 50 %. Este lunes, el barril de Brent \u2014referencia en Europa\u2014 super\u00f3 los 115 d\u00f3lares, reflejando la preocupaci\u00f3n de los mercados por una posible interrupci\u00f3n en el suministro energ\u00e9tico global.<\/p>\n<p style=\"text-align: justify;\">Macron, quien inaugurar\u00e1 en Par\u00eds una reuni\u00f3n internacional de alto nivel sobre energ\u00eda nuclear para usos civiles, no precis\u00f3 si el encuentro de ministros de Energ\u00eda del G7 se realizar\u00e1 de forma presencial o virtual, como ocurri\u00f3 con la reuni\u00f3n de Finanzas.<\/p>\n<p style=\"text-align: justify;\">Adem\u00e1s del mandatario franc\u00e9s, participar\u00e1 la presidenta de la Comisi\u00f3n Europea, Ursula von der Leyen, en un contexto marcado por la crisis energ\u00e9tica derivada del conflicto en Medio Oriente y cuando se cumplen 15 a\u00f1os del desastre nuclear de Fukushima, en Jap\u00f3n.<\/p>\n<p style=\"text-align: justify;\">Fuentes de la presidencia francesa indicaron que el encuentro tambi\u00e9n servir\u00e1 para impulsar la energ\u00eda nuclear civil como una herramienta para descarbonizar la econom\u00eda y fortalecer la soberan\u00eda energ\u00e9tica de Europa.<\/p>\n<p style=\"text-align: justify;\">Actualmente, 16 pa\u00edses de la Uni\u00f3n Europea respaldan la alianza impulsada por Francia en favor de la energ\u00eda nuclear para usos civiles, tema que ser\u00e1 uno de los ejes centrales de la reuni\u00f3n internacional prevista para el 10 de marzo en Par\u00eds.<\/p>\n","protected":false},"excerpt":{"rendered":"<p>Par\u00eds.- El presidente de Francia, Emmanuel Macron, anunci\u00f3 la convocatoria de una reuni\u00f3n extraordinaria de ministros de Energ\u00eda del G7, que se celebrar\u00e1 ma\u00f1ana con el objetivo de fortalecer la coordinaci\u00f3n entre las principales econom\u00edas del mundo ante el impacto que los ataques de Estados Unidos e Israel contra Ir\u00e1n est\u00e1n teniendo en los mercados energ\u00e9ticos. Durante un discurso pronunciado en Chipre, Macron subray\u00f3 la importancia de mantener una cooperaci\u00f3n estrecha en materia energ\u00e9tica y econ\u00f3mica. Se\u00f1al\u00f3 que este mismo lunes se celebr\u00f3 una reuni\u00f3n de ministros de Finanzas del G7, mientras que el encuentro de Energ\u00eda se realizar\u00e1 en [&hellip;]<\/p>\n","protected":false},"author":2,"featured_media":195285,"comment_status":"closed","ping_status":"closed","sticky":false,"template":"","format":"standard","meta":{"_monsterinsights_skip_tracking":false,"_monsterinsights_sitenote_active":false,"_monsterinsights_sitenote_note":"","_monsterinsights_sitenote_category":0,"footnotes":""},"categories":[40,44],"tags":[],"class_list":["post-195284","post","type-post","status-publish","format-standard","has-post-thumbnail","hentry","category-economia","category-internacional","post--single"],"_links":{"self":[{"href":"https:\/\/canal7slp.tv\/2026\/wp-json\/wp\/v2\/posts\/195284","targetHints":{"allow":["GET"]}}],"collection":[{"href":"https:\/\/canal7slp.tv\/2026\/wp-json\/wp\/v2\/posts"}],"about":[{"href":"https:\/\/canal7slp.tv\/2026\/wp-json\/wp\/v2\/types\/post"}],"author":[{"embeddable":true,"href":"https:\/\/canal7slp.tv\/2026\/wp-json\/wp\/v2\/users\/2"}],"replies":[{"embeddable":true,"href":"https:\/\/canal7slp.tv\/2026\/wp-json\/wp\/v2\/comments?post=195284"}],"version-history":[{"count":1,"href":"https:\/\/canal7slp.tv\/2026\/wp-json\/wp\/v2\/posts\/195284\/revisions"}],"predecessor-version":[{"id":195286,"href":"https:\/\/canal7slp.tv\/2026\/wp-json\/wp\/v2\/posts\/195284\/revisions\/195286"}],"wp:featuredmedia":[{"embeddable":true,"href":"https:\/\/canal7slp.tv\/2026\/wp-json\/wp\/v2\/media\/195285"}],"wp:attachment":[{"href":"https:\/\/canal7slp.tv\/2026\/wp-json\/wp\/v2\/media?parent=195284"}],"wp:term":[{"taxonomy":"category","embeddable":true,"href":"https:\/\/canal7slp.tv\/2026\/wp-json\/wp\/v2\/categories?post=195284"},{"taxonomy":"post_tag","embeddable":true,"href":"https:\/\/canal7slp.tv\/2026\/wp-json\/wp\/v2\/tags?post=195284"}],"curies":[{"name":"wp","href":"https:\/\/api.w.org\/{rel}","templated":true}]}}