{"id":195281,"date":"2026-03-10T14:30:25","date_gmt":"2026-03-10T20:30:25","guid":{"rendered":"https:\/\/canal7slp.tv\/2026\/?p=195281"},"modified":"2026-03-10T14:30:25","modified_gmt":"2026-03-10T20:30:25","slug":"scjn-reconoce-derecho-de-menores-a-adecuar-su-acta-a-su-identidad-de-genero","status":"publish","type":"post","link":"https:\/\/canal7slp.tv\/2026\/scjn-reconoce-derecho-de-menores-a-adecuar-su-acta-a-su-identidad-de-genero\/","title":{"rendered":"SCJN reconoce derecho de menores a adecuar su acta a su identidad de g\u00e9nero"},"content":{"rendered":"<p style=\"text-align: justify;\">M\u00e9xico.- La Suprema Corte de Justicia de la Naci\u00f3n (SCJN) emiti\u00f3 un fallo considerado relevante en materia de derechos humanos al reconocer el derecho de infancias y adolescencias transg\u00e9nero e intersexuales a rectificar su acta de nacimiento conforme a su identidad de g\u00e9nero autopercibida, sin necesidad de haber alcanzado la mayor\u00eda de edad.<\/p>\n<p style=\"text-align: justify;\">La resoluci\u00f3n se deriva de un an\u00e1lisis sobre disposiciones de la Ley de Reconocimiento y Derechos de las Personas de la Comunidad LGBTTTIQ+ del estado de Guerrero, que condicionaban este tr\u00e1mite administrativo a que las personas solicitantes tuvieran al menos 18 a\u00f1os.<\/p>\n<p style=\"text-align: justify;\">En decisi\u00f3n un\u00e1nime, el Pleno de la SCJN aprob\u00f3 el proyecto presentado por el ministro Ar\u00edstides Guerrero Garc\u00eda, mediante el cual se declararon inv\u00e1lidas dichas disposiciones al considerar que vulneraban derechos fundamentales.<\/p>\n<p style=\"text-align: justify;\">Durante la sesi\u00f3n, el ministro se\u00f1al\u00f3 que exigir la mayor\u00eda de edad para acceder a este tr\u00e1mite contraviene principios constitucionales como:<\/p>\n<ul>\n<li style=\"text-align: justify;\">El derecho a la igualdad<\/li>\n<li style=\"text-align: justify;\">La no discriminaci\u00f3n<\/li>\n<li style=\"text-align: justify;\">El libre desarrollo de la personalidad<\/li>\n<\/ul>\n<p style=\"text-align: justify;\">Guerrero Garc\u00eda subray\u00f3 que \u201cel derecho a la identidad no espera a la mayor\u00eda de edad\u201d, al referirse a la necesidad de reconocer la identidad de ni\u00f1as, ni\u00f1os y adolescentes.<\/p>\n<p style=\"text-align: justify;\">Como parte de la resoluci\u00f3n, la Suprema Corte vincul\u00f3 al Congreso del estado de Guerrero para que, en un plazo de 12 meses, emita una regulaci\u00f3n que establezca un procedimiento registral acorde con el derecho a la identidad de g\u00e9nero para menores de edad.<\/p>\n","protected":false},"excerpt":{"rendered":"<p>M\u00e9xico.- La Suprema Corte de Justicia de la Naci\u00f3n (SCJN) emiti\u00f3 un fallo considerado relevante en materia de derechos humanos al reconocer el derecho de infancias y adolescencias transg\u00e9nero e intersexuales a rectificar su acta de nacimiento conforme a su identidad de g\u00e9nero autopercibida, sin necesidad de haber alcanzado la mayor\u00eda de edad. La resoluci\u00f3n se deriva de un an\u00e1lisis sobre disposiciones de la Ley de Reconocimiento y Derechos de las Personas de la Comunidad LGBTTTIQ+ del estado de Guerrero, que condicionaban este tr\u00e1mite administrativo a que las personas solicitantes tuvieran al menos 18 a\u00f1os. En decisi\u00f3n un\u00e1nime, el Pleno [&hellip;]<\/p>\n","protected":false},"author":2,"featured_media":195282,"comment_status":"closed","ping_status":"closed","sticky":false,"template":"","format":"standard","meta":{"_monsterinsights_skip_tracking":false,"_monsterinsights_sitenote_active":false,"_monsterinsights_sitenote_note":"","_monsterinsights_sitenote_category":0,"footnotes":""},"categories":[46],"tags":[],"class_list":["post-195281","post","type-post","status-publish","format-standard","has-post-thumbnail","hentry","category-nacional","post--single"],"_links":{"self":[{"href":"https:\/\/canal7slp.tv\/2026\/wp-json\/wp\/v2\/posts\/195281","targetHints":{"allow":["GET"]}}],"collection":[{"href":"https:\/\/canal7slp.tv\/2026\/wp-json\/wp\/v2\/posts"}],"about":[{"href":"https:\/\/canal7slp.tv\/2026\/wp-json\/wp\/v2\/types\/post"}],"author":[{"embeddable":true,"href":"https:\/\/canal7slp.tv\/2026\/wp-json\/wp\/v2\/users\/2"}],"replies":[{"embeddable":true,"href":"https:\/\/canal7slp.tv\/2026\/wp-json\/wp\/v2\/comments?post=195281"}],"version-history":[{"count":1,"href":"https:\/\/canal7slp.tv\/2026\/wp-json\/wp\/v2\/posts\/195281\/revisions"}],"predecessor-version":[{"id":195283,"href":"https:\/\/canal7slp.tv\/2026\/wp-json\/wp\/v2\/posts\/195281\/revisions\/195283"}],"wp:featuredmedia":[{"embeddable":true,"href":"https:\/\/canal7slp.tv\/2026\/wp-json\/wp\/v2\/media\/195282"}],"wp:attachment":[{"href":"https:\/\/canal7slp.tv\/2026\/wp-json\/wp\/v2\/media?parent=195281"}],"wp:term":[{"taxonomy":"category","embeddable":true,"href":"https:\/\/canal7slp.tv\/2026\/wp-json\/wp\/v2\/categories?post=195281"},{"taxonomy":"post_tag","embeddable":true,"href":"https:\/\/canal7slp.tv\/2026\/wp-json\/wp\/v2\/tags?post=195281"}],"curies":[{"name":"wp","href":"https:\/\/api.w.org\/{rel}","templated":true}]}}