{"id":195228,"date":"2026-03-09T19:59:18","date_gmt":"2026-03-10T01:59:18","guid":{"rendered":"https:\/\/canal7slp.tv\/2026\/?p=195228"},"modified":"2026-03-09T19:59:18","modified_gmt":"2026-03-10T01:59:18","slug":"reparan-danos-en-el-edificio-central-de-la-uaslp","status":"publish","type":"post","link":"https:\/\/canal7slp.tv\/2026\/reparan-danos-en-el-edificio-central-de-la-uaslp\/","title":{"rendered":"Reparan da\u00f1os en el Edificio Central de la UASLP"},"content":{"rendered":"<p style=\"text-align: justify;\"><span style=\"font-size: 1.21429rem;\">SLP.- Luego de la marcha del 8M personal de la Universidad Aut\u00f3noma de San Luis Potos\u00ed se dio a la tarea de reparar los da\u00f1os causados, tanto al exterior como al interior de este hist\u00f3rico inmueble conocido como edificio central.<\/span><\/p>\n<p style=\"text-align: justify;\">Los da\u00f1os fueron significativos ya que la puerta principal fue incendiada adem\u00e1s de las protecciones de madera y l\u00e1mina que hab\u00edan sido instaladas horas antes de la marcha.<\/p>\n<p style=\"text-align: justify;\">Los trabajos de reparaci\u00f3n incluyen las pintas realizadas en la fachada y en partes de cantera y madera, ya que este proceso busca restaurar y asegurar la estructura de este edificio.<\/p>\n<p style=\"text-align: justify;\">A trav\u00e9s de un mensaje la vocer\u00eda de la Universidad Aut\u00f3noma se\u00f1al\u00f3 que no emitir\u00edan postura alguna en relaci\u00f3n a estos hechos del pasado domingo 8 de Marzo, al afirmar que la m\u00e1xima casa de estudios siempre respetar\u00e1 la libre manifestaci\u00f3n.<\/p>\n<p>Por: Claudio Ibarra<\/p>\n","protected":false},"excerpt":{"rendered":"<p>SLP.- Luego de la marcha del 8M personal de la Universidad Aut\u00f3noma de San Luis Potos\u00ed se dio a la tarea de reparar los da\u00f1os causados, tanto al exterior como al interior de este hist\u00f3rico inmueble conocido como edificio central. Los da\u00f1os fueron significativos ya que la puerta principal fue incendiada adem\u00e1s de las protecciones de madera y l\u00e1mina que hab\u00edan sido instaladas horas antes de la marcha. Los trabajos de reparaci\u00f3n incluyen las pintas realizadas en la fachada y en partes de cantera y madera, ya que este proceso busca restaurar y asegurar la estructura de este edificio. A [&hellip;]<\/p>\n","protected":false},"author":2,"featured_media":195256,"comment_status":"closed","ping_status":"closed","sticky":false,"template":"","format":"video","meta":{"_monsterinsights_skip_tracking":false,"_monsterinsights_sitenote_active":false,"_monsterinsights_sitenote_note":"","_monsterinsights_sitenote_category":0,"footnotes":""},"categories":[5,45],"tags":[],"class_list":["post-195228","post","type-post","status-publish","format-video","has-post-thumbnail","hentry","category-destacadas","category-localesyregionales","post_format-post-format-video","post--single"],"_links":{"self":[{"href":"https:\/\/canal7slp.tv\/2026\/wp-json\/wp\/v2\/posts\/195228","targetHints":{"allow":["GET"]}}],"collection":[{"href":"https:\/\/canal7slp.tv\/2026\/wp-json\/wp\/v2\/posts"}],"about":[{"href":"https:\/\/canal7slp.tv\/2026\/wp-json\/wp\/v2\/types\/post"}],"author":[{"embeddable":true,"href":"https:\/\/canal7slp.tv\/2026\/wp-json\/wp\/v2\/users\/2"}],"replies":[{"embeddable":true,"href":"https:\/\/canal7slp.tv\/2026\/wp-json\/wp\/v2\/comments?post=195228"}],"version-history":[{"count":2,"href":"https:\/\/canal7slp.tv\/2026\/wp-json\/wp\/v2\/posts\/195228\/revisions"}],"predecessor-version":[{"id":195257,"href":"https:\/\/canal7slp.tv\/2026\/wp-json\/wp\/v2\/posts\/195228\/revisions\/195257"}],"wp:featuredmedia":[{"embeddable":true,"href":"https:\/\/canal7slp.tv\/2026\/wp-json\/wp\/v2\/media\/195256"}],"wp:attachment":[{"href":"https:\/\/canal7slp.tv\/2026\/wp-json\/wp\/v2\/media?parent=195228"}],"wp:term":[{"taxonomy":"category","embeddable":true,"href":"https:\/\/canal7slp.tv\/2026\/wp-json\/wp\/v2\/categories?post=195228"},{"taxonomy":"post_tag","embeddable":true,"href":"https:\/\/canal7slp.tv\/2026\/wp-json\/wp\/v2\/tags?post=195228"}],"curies":[{"name":"wp","href":"https:\/\/api.w.org\/{rel}","templated":true}]}}