{"id":195227,"date":"2026-03-09T19:39:47","date_gmt":"2026-03-10T01:39:47","guid":{"rendered":"https:\/\/canal7slp.tv\/2026\/?p=195227"},"modified":"2026-03-09T19:39:47","modified_gmt":"2026-03-10T01:39:47","slug":"iglesia-interpondra-denuncia-por-danos-al-templo-de-la-compania","status":"publish","type":"post","link":"https:\/\/canal7slp.tv\/2026\/iglesia-interpondra-denuncia-por-danos-al-templo-de-la-compania\/","title":{"rendered":"Iglesia interpondr\u00e1 denuncia por da\u00f1os al templo de La Compa\u00f1\u00eda"},"content":{"rendered":"<p style=\"text-align: justify;\"><span style=\"font-size: 1.21429rem;\">SLP.- Posterior a la marcha del 8M de este domingo el templo de La Compa\u00f1\u00eda fue uno de los edificios p\u00fablicos m\u00e1s da\u00f1ados en el centro hist\u00f3rico.<\/span><\/p>\n<p style=\"text-align: justify;\">Acompa\u00f1ado por algunas personas su p\u00e1rroco Jorge Aurelio Ram\u00edrez supervisaba los da\u00f1os causados a la fachada en donde la puerta principal fue quemada, y la cantera pintarrajeada, al decir que se interpondr\u00e1 una denuncia por da\u00f1os al patrimonio.<\/p>\n<p style=\"text-align: justify;\">A un costado de la puerta principal del templo quedaron los restos destru\u00eddos de lo que fue una r\u00e9plica de la primera cruz jesuita que se coloc\u00f3 en San Luis Potos\u00ed.<\/p>\n<p style=\"text-align: justify;\">El sacerdote se\u00f1al\u00f3 que posterior al peritaje se sabr\u00e1 la magnitud de los da\u00f1os al recordar que con aportaciones \u00fanicamente de la feligres\u00eda, desde el pasado mes de Octubre hab\u00eda iniciado un proceso de restauraci\u00f3n de este templo.<\/p>\n<p style=\"text-align: justify;\">La personas que pasaban enfrente y observaban los da\u00f1os opinaron sobre estos hechos.<\/p>\n<p style=\"text-align: justify;\">El p\u00e1rroco se\u00f1al\u00f3 que al interior del templo no hubo da\u00f1os mayores solo el humo que se concentr\u00f3 al decir que un grupo de personas que se encontraban adentro al momento de la manifestaci\u00f3n, contuvo la puerta para evitar que las manifestantes entraran.<\/p>\n<p>Por: Claudio Ibarra<\/p>\n","protected":false},"excerpt":{"rendered":"<p>SLP.- Posterior a la marcha del 8M de este domingo el templo de La Compa\u00f1\u00eda fue uno de los edificios p\u00fablicos m\u00e1s da\u00f1ados en el centro hist\u00f3rico. Acompa\u00f1ado por algunas personas su p\u00e1rroco Jorge Aurelio Ram\u00edrez supervisaba los da\u00f1os causados a la fachada en donde la puerta principal fue quemada, y la cantera pintarrajeada, al decir que se interpondr\u00e1 una denuncia por da\u00f1os al patrimonio. A un costado de la puerta principal del templo quedaron los restos destru\u00eddos de lo que fue una r\u00e9plica de la primera cruz jesuita que se coloc\u00f3 en San Luis Potos\u00ed. El sacerdote se\u00f1al\u00f3 que [&hellip;]<\/p>\n","protected":false},"author":2,"featured_media":195244,"comment_status":"closed","ping_status":"closed","sticky":false,"template":"","format":"video","meta":{"_monsterinsights_skip_tracking":false,"_monsterinsights_sitenote_active":false,"_monsterinsights_sitenote_note":"","_monsterinsights_sitenote_category":0,"footnotes":""},"categories":[5,45],"tags":[],"class_list":["post-195227","post","type-post","status-publish","format-video","has-post-thumbnail","hentry","category-destacadas","category-localesyregionales","post_format-post-format-video","post--single"],"_links":{"self":[{"href":"https:\/\/canal7slp.tv\/2026\/wp-json\/wp\/v2\/posts\/195227","targetHints":{"allow":["GET"]}}],"collection":[{"href":"https:\/\/canal7slp.tv\/2026\/wp-json\/wp\/v2\/posts"}],"about":[{"href":"https:\/\/canal7slp.tv\/2026\/wp-json\/wp\/v2\/types\/post"}],"author":[{"embeddable":true,"href":"https:\/\/canal7slp.tv\/2026\/wp-json\/wp\/v2\/users\/2"}],"replies":[{"embeddable":true,"href":"https:\/\/canal7slp.tv\/2026\/wp-json\/wp\/v2\/comments?post=195227"}],"version-history":[{"count":2,"href":"https:\/\/canal7slp.tv\/2026\/wp-json\/wp\/v2\/posts\/195227\/revisions"}],"predecessor-version":[{"id":195249,"href":"https:\/\/canal7slp.tv\/2026\/wp-json\/wp\/v2\/posts\/195227\/revisions\/195249"}],"wp:featuredmedia":[{"embeddable":true,"href":"https:\/\/canal7slp.tv\/2026\/wp-json\/wp\/v2\/media\/195244"}],"wp:attachment":[{"href":"https:\/\/canal7slp.tv\/2026\/wp-json\/wp\/v2\/media?parent=195227"}],"wp:term":[{"taxonomy":"category","embeddable":true,"href":"https:\/\/canal7slp.tv\/2026\/wp-json\/wp\/v2\/categories?post=195227"},{"taxonomy":"post_tag","embeddable":true,"href":"https:\/\/canal7slp.tv\/2026\/wp-json\/wp\/v2\/tags?post=195227"}],"curies":[{"name":"wp","href":"https:\/\/api.w.org\/{rel}","templated":true}]}}