{"id":195212,"date":"2026-03-09T17:18:30","date_gmt":"2026-03-09T23:18:30","guid":{"rendered":"https:\/\/canal7slp.tv\/2026\/?p=195212"},"modified":"2026-03-09T17:18:30","modified_gmt":"2026-03-09T23:18:30","slug":"durante-febrero-fueron-creados-mas-de-182-mil-empleos-formales","status":"publish","type":"post","link":"https:\/\/canal7slp.tv\/2026\/durante-febrero-fueron-creados-mas-de-182-mil-empleos-formales\/","title":{"rendered":"Durante febrero fueron creados m\u00e1s de 182 mil empleos formales"},"content":{"rendered":"<p style=\"text-align: justify;\">M\u00e9xico.- La econom\u00eda mexicana gener\u00f3 182,778 empleos formales durante febrero, con lo que el n\u00famero total de trabajadores afiliados al Instituto Mexicano del Seguro Social (IMSS) alcanz\u00f3 22,691,750 puestos.<\/p>\n<p style=\"text-align: justify;\">Este resultado representa un crecimiento mensual de 0.8%, el mismo porcentaje registrado en comparaci\u00f3n con febrero del a\u00f1o anterior.<\/p>\n<p style=\"text-align: justify;\">El repunte ocurre despu\u00e9s de que en enero se perdieran 8,104 empleos, por lo que en el primer bimestre del a\u00f1o se acumulan 174,674 puestos de trabajo creados. De acuerdo con el IMSS, el aumento interanual registrado en febrero es el m\u00e1s alto para ese mes desde que se tiene registro.<\/p>\n<p style=\"text-align: justify;\">Al cierre de 2025, el IMSS report\u00f3 la creaci\u00f3n neta de m\u00e1s de 278,000 empleos formales, con lo que el n\u00famero total de trabajadores afiliados alcanz\u00f3 23.89 millones en diciembre.<\/p>\n<p style=\"text-align: justify;\">No obstante, aunque el IMSS es el principal indicador del empleo formal en el pa\u00eds, especialistas advierten que su medici\u00f3n ofrece una visi\u00f3n parcial del mercado laboral, ya que casi 55% de la poblaci\u00f3n ocupada trabaja en la informalidad, seg\u00fan datos del Instituto Nacional de Estad\u00edstica y Geograf\u00eda (Inegi).<\/p>\n<p style=\"text-align: justify;\">El IMSS destac\u00f3 que los sectores con mayor crecimiento anual en puestos de trabajo formales fueron:<\/p>\n<ul style=\"text-align: justify;\">\n<li>Comunicaciones y transportes, con un aumento del 11%<\/li>\n<li>Comercio, con un crecimiento del 3.9%<\/li>\n<li>Electricidad, tambi\u00e9n con un avance relevante en la generaci\u00f3n de empleo<\/li>\n<\/ul>\n<p style=\"text-align: justify;\">Asimismo, el salario base de cotizaci\u00f3n promedio registr\u00f3 un incremento nominal anual de 7.2%, al ubicarse en 664.1 pesos diarios en febrero, la cifra m\u00e1s alta registrada para cualquier mes.<\/p>\n<p style=\"text-align: justify;\">Empleadores y nuevos esquemas laborales<\/p>\n<p style=\"text-align: justify;\">El instituto tambi\u00e9n inform\u00f3 que actualmente existen m\u00e1s de 1.02 millones de patrones registrados, aunque esta cifra representa una disminuci\u00f3n anual de 2.5%, atribuida a medidas de seguridad implementadas para la apertura de registros patronales de personas f\u00edsicas.<\/p>\n<p style=\"text-align: justify;\">Durante febrero tambi\u00e9n se reportaron:<\/p>\n<ul style=\"text-align: justify;\">\n<li>59,017 puestos asociados a personas trabajadoras del hogar, con un salario promedio diario de 494 pesos.<\/li>\n<li>1.25 millones de personas beneficiadas en el s\u00e9ptimo mes del programa piloto obligatorio para trabajadores de plataformas digitales.<\/li>\n<\/ul>\n<p style=\"text-align: justify;\">Los datos reflejan un panorama mixto del mercado laboral mexicano. Aunque se observa un crecimiento en el empleo formal y un aumento en los salarios, la alta tasa de informalidad contin\u00faa siendo uno de los principales desaf\u00edos estructurales para la econom\u00eda del pa\u00eds.<\/p>\n","protected":false},"excerpt":{"rendered":"<p>M\u00e9xico.- La econom\u00eda mexicana gener\u00f3 182,778 empleos formales durante febrero, con lo que el n\u00famero total de trabajadores afiliados al Instituto Mexicano del Seguro Social (IMSS) alcanz\u00f3 22,691,750 puestos. Este resultado representa un crecimiento mensual de 0.8%, el mismo porcentaje registrado en comparaci\u00f3n con febrero del a\u00f1o anterior. El repunte ocurre despu\u00e9s de que en enero se perdieran 8,104 empleos, por lo que en el primer bimestre del a\u00f1o se acumulan 174,674 puestos de trabajo creados. De acuerdo con el IMSS, el aumento interanual registrado en febrero es el m\u00e1s alto para ese mes desde que se tiene registro. Al [&hellip;]<\/p>\n","protected":false},"author":2,"featured_media":195213,"comment_status":"closed","ping_status":"closed","sticky":false,"template":"","format":"standard","meta":{"_monsterinsights_skip_tracking":false,"_monsterinsights_sitenote_active":false,"_monsterinsights_sitenote_note":"","_monsterinsights_sitenote_category":0,"footnotes":""},"categories":[40,46],"tags":[],"class_list":["post-195212","post","type-post","status-publish","format-standard","has-post-thumbnail","hentry","category-economia","category-nacional","post--single"],"_links":{"self":[{"href":"https:\/\/canal7slp.tv\/2026\/wp-json\/wp\/v2\/posts\/195212","targetHints":{"allow":["GET"]}}],"collection":[{"href":"https:\/\/canal7slp.tv\/2026\/wp-json\/wp\/v2\/posts"}],"about":[{"href":"https:\/\/canal7slp.tv\/2026\/wp-json\/wp\/v2\/types\/post"}],"author":[{"embeddable":true,"href":"https:\/\/canal7slp.tv\/2026\/wp-json\/wp\/v2\/users\/2"}],"replies":[{"embeddable":true,"href":"https:\/\/canal7slp.tv\/2026\/wp-json\/wp\/v2\/comments?post=195212"}],"version-history":[{"count":1,"href":"https:\/\/canal7slp.tv\/2026\/wp-json\/wp\/v2\/posts\/195212\/revisions"}],"predecessor-version":[{"id":195214,"href":"https:\/\/canal7slp.tv\/2026\/wp-json\/wp\/v2\/posts\/195212\/revisions\/195214"}],"wp:featuredmedia":[{"embeddable":true,"href":"https:\/\/canal7slp.tv\/2026\/wp-json\/wp\/v2\/media\/195213"}],"wp:attachment":[{"href":"https:\/\/canal7slp.tv\/2026\/wp-json\/wp\/v2\/media?parent=195212"}],"wp:term":[{"taxonomy":"category","embeddable":true,"href":"https:\/\/canal7slp.tv\/2026\/wp-json\/wp\/v2\/categories?post=195212"},{"taxonomy":"post_tag","embeddable":true,"href":"https:\/\/canal7slp.tv\/2026\/wp-json\/wp\/v2\/tags?post=195212"}],"curies":[{"name":"wp","href":"https:\/\/api.w.org\/{rel}","templated":true}]}}