{"id":195205,"date":"2026-03-09T16:48:10","date_gmt":"2026-03-09T22:48:10","guid":{"rendered":"https:\/\/canal7slp.tv\/2026\/?p=195205"},"modified":"2026-03-09T16:48:10","modified_gmt":"2026-03-09T22:48:10","slug":"gobierno-analiza-impacto-economico-de-la-guerra-entre-eu-e-iran","status":"publish","type":"post","link":"https:\/\/canal7slp.tv\/2026\/gobierno-analiza-impacto-economico-de-la-guerra-entre-eu-e-iran\/","title":{"rendered":"Gobierno analiza impacto econ\u00f3mico de la guerra entre EU e Ir\u00e1n"},"content":{"rendered":"<p style=\"text-align: justify;\" data-start=\"1096\" data-end=\"1396\">M\u00e9xico.- Aunque M\u00e9xico no participa directamente en el actual conflicto entre Estados Unidos e Ir\u00e1n, la confrontaci\u00f3n podr\u00eda tener repercusiones econ\u00f3micas relevantes para el pa\u00eds. Por ello, el Gobierno mexicano analiza posibles escenarios y medidas de respuesta en caso de que la guerra se prolongue.<\/p>\n<p style=\"text-align: justify;\" data-start=\"1398\" data-end=\"1630\">As\u00ed lo inform\u00f3 el secretario de Econom\u00eda, Marcelo Ebrard, durante un evento realizado este lunes, donde se\u00f1al\u00f3 que es fundamental anticipar posibles alteraciones en la log\u00edstica global y un aumento en los costos energ\u00e9ticos.<\/p>\n<p style=\"text-align: justify;\" data-start=\"1632\" data-end=\"1813\">Las declaraciones se dieron al t\u00e9rmino de la presentaci\u00f3n de los resultados de las consultas p\u00fablicas para la revisi\u00f3n del Tratado entre M\u00e9xico, Estados Unidos y Canad\u00e1 (T-MEC).<\/p>\n<p style=\"text-align: justify;\" data-start=\"1853\" data-end=\"2097\">Ebrard indic\u00f3 que el impacto del conflicto en los precios internacionales del petr\u00f3leo y en las cadenas globales de suministro ser\u00e1 uno de los temas a tratar en una reuni\u00f3n de gabinete encabezada por la presidenta Claudia Sheinbaum.<\/p>\n<p style=\"text-align: justify;\" data-start=\"1853\" data-end=\"2097\"><span style=\"font-size: 1.21429rem;\">\u201cTenemos hoy gabinete con nuestra presidenta. Ser\u00e1 seguramente uno de los temas\u201d, se\u00f1al\u00f3 al ser cuestionado sobre el posible impacto econ\u00f3mico del conflicto.<\/span><\/p>\n<p style=\"text-align: justify;\" data-start=\"2260\" data-end=\"2492\">El funcionario explic\u00f3 que el Gobierno mexicano da seguimiento cercano a la situaci\u00f3n en coordinaci\u00f3n con la Secretar\u00eda de Hacienda, debido a que los efectos econ\u00f3micos depender\u00e1n principalmente de la duraci\u00f3n del conflicto.<\/p>\n<p style=\"text-align: justify;\" data-start=\"2260\" data-end=\"2492\"><span style=\"font-size: 1.21429rem;\">\u201cEstamos atendiendo, siguiendo y muy en detalle lo que est\u00e1 ocurriendo\u201d, afirm\u00f3.<\/span><\/p>\n<p style=\"text-align: justify;\" data-start=\"2578\" data-end=\"2771\">Asimismo, indic\u00f3 que, aunque a\u00fan es dif\u00edcil prever el alcance de las consecuencias, M\u00e9xico cuenta con mecanismos de respuesta preparados en caso de que la crisis internacional se prolongue.<\/p>\n<p style=\"text-align: justify;\" data-start=\"2578\" data-end=\"2771\"><span style=\"font-size: 1.21429rem;\">\u201cVa a depender del tiempo que este conflicto perdure. En este momento es dif\u00edcil prever cu\u00e1nto tiempo va a durar, pero M\u00e9xico est\u00e1 atento y hay una serie de medidas previstas por si se prolonga\u201d, agreg\u00f3.<\/span><\/p>\n<p style=\"text-align: justify;\" data-start=\"3022\" data-end=\"3260\">Las declaraciones se producen en medio de una creciente preocupaci\u00f3n internacional por los posibles impactos en los mercados energ\u00e9ticos y en las rutas log\u00edsticas globales, especialmente aquellas estrat\u00e9gicas para el comercio mundial.<\/p>\n<p style=\"text-align: justify;\" data-start=\"3262\" data-end=\"3465\">El subsecretario de Comercio Exterior, Luis Rosendo Guti\u00e9rrez, subray\u00f3 la importancia de fortalecer las cadenas regionales de suministro en Norteam\u00e9rica ante escenarios de interrupci\u00f3n log\u00edstica.<\/p>\n<p style=\"text-align: justify;\" data-start=\"3262\" data-end=\"3465\"><span style=\"font-size: 1.21429rem;\">\u201cCuando hablamos del drama de la guerra en este momento, de eso estamos hablando precisamente, de cuando hay un estrecho de Ormuz que hoy pone en riesgo la log\u00edstica a nivel mundial\u201d, explic\u00f3.<\/span><\/p>\n<p style=\"text-align: justify;\" data-start=\"3663\" data-end=\"3859\">La inquietud en los mercados petroleros ha aumentado ante el agravamiento del conflicto entre Estados Unidos e Israel contra Ir\u00e1n, particularmente por las afectaciones en el Golfo P\u00e9rsico.<\/p>\n<p style=\"text-align: justify;\" data-start=\"3861\" data-end=\"4146\">Ir\u00e1n ha impuesto un cierre de facto del estrecho de Ormuz, un paso estrat\u00e9gico por donde transita cerca de una quinta parte de los hidrocarburos que se consumen en el mundo, lo que podr\u00eda generar volatilidad en los precios del petr\u00f3leo y presiones en las cadenas de suministro.<\/p>\n<p style=\"text-align: justify;\" data-start=\"4148\" data-end=\"4339\" data-is-last-node=\"\" data-is-only-node=\"\">Ante este escenario, autoridades mexicanas mantienen un monitoreo constante de la situaci\u00f3n internacional para mitigar posibles impactos en la econom\u00eda nacional y en el comercio exterior.<\/p>\n","protected":false},"excerpt":{"rendered":"<p>M\u00e9xico.- Aunque M\u00e9xico no participa directamente en el actual conflicto entre Estados Unidos e Ir\u00e1n, la confrontaci\u00f3n podr\u00eda tener repercusiones econ\u00f3micas relevantes para el pa\u00eds. Por ello, el Gobierno mexicano analiza posibles escenarios y medidas de respuesta en caso de que la guerra se prolongue. As\u00ed lo inform\u00f3 el secretario de Econom\u00eda, Marcelo Ebrard, durante un evento realizado este lunes, donde se\u00f1al\u00f3 que es fundamental anticipar posibles alteraciones en la log\u00edstica global y un aumento en los costos energ\u00e9ticos. Las declaraciones se dieron al t\u00e9rmino de la presentaci\u00f3n de los resultados de las consultas p\u00fablicas para la revisi\u00f3n del Tratado [&hellip;]<\/p>\n","protected":false},"author":2,"featured_media":195207,"comment_status":"closed","ping_status":"closed","sticky":false,"template":"","format":"standard","meta":{"_monsterinsights_skip_tracking":false,"_monsterinsights_sitenote_active":false,"_monsterinsights_sitenote_note":"","_monsterinsights_sitenote_category":0,"footnotes":""},"categories":[40,46],"tags":[],"class_list":["post-195205","post","type-post","status-publish","format-standard","has-post-thumbnail","hentry","category-economia","category-nacional","post--single"],"_links":{"self":[{"href":"https:\/\/canal7slp.tv\/2026\/wp-json\/wp\/v2\/posts\/195205","targetHints":{"allow":["GET"]}}],"collection":[{"href":"https:\/\/canal7slp.tv\/2026\/wp-json\/wp\/v2\/posts"}],"about":[{"href":"https:\/\/canal7slp.tv\/2026\/wp-json\/wp\/v2\/types\/post"}],"author":[{"embeddable":true,"href":"https:\/\/canal7slp.tv\/2026\/wp-json\/wp\/v2\/users\/2"}],"replies":[{"embeddable":true,"href":"https:\/\/canal7slp.tv\/2026\/wp-json\/wp\/v2\/comments?post=195205"}],"version-history":[{"count":2,"href":"https:\/\/canal7slp.tv\/2026\/wp-json\/wp\/v2\/posts\/195205\/revisions"}],"predecessor-version":[{"id":195208,"href":"https:\/\/canal7slp.tv\/2026\/wp-json\/wp\/v2\/posts\/195205\/revisions\/195208"}],"wp:featuredmedia":[{"embeddable":true,"href":"https:\/\/canal7slp.tv\/2026\/wp-json\/wp\/v2\/media\/195207"}],"wp:attachment":[{"href":"https:\/\/canal7slp.tv\/2026\/wp-json\/wp\/v2\/media?parent=195205"}],"wp:term":[{"taxonomy":"category","embeddable":true,"href":"https:\/\/canal7slp.tv\/2026\/wp-json\/wp\/v2\/categories?post=195205"},{"taxonomy":"post_tag","embeddable":true,"href":"https:\/\/canal7slp.tv\/2026\/wp-json\/wp\/v2\/tags?post=195205"}],"curies":[{"name":"wp","href":"https:\/\/api.w.org\/{rel}","templated":true}]}}