{"id":195189,"date":"2026-03-09T14:35:33","date_gmt":"2026-03-09T20:35:33","guid":{"rendered":"https:\/\/canal7slp.tv\/2026\/?p=195189"},"modified":"2026-03-09T14:35:33","modified_gmt":"2026-03-09T20:35:33","slug":"iran-nombra-a-mojtaba-jamenei-como-nuevo-lider-supremo","status":"publish","type":"post","link":"https:\/\/canal7slp.tv\/2026\/iran-nombra-a-mojtaba-jamenei-como-nuevo-lider-supremo\/","title":{"rendered":"Ir\u00e1n nombra a Mojtaba Jamenei como nuevo l\u00edder supremo"},"content":{"rendered":"<p style=\"text-align: justify;\">Teher\u00e1n.- Este domingo, Mojtaba Jamenei fue elegido como nuevo l\u00edder supremo de Ir\u00e1n, sucediendo a su padre, Al\u00ed Jamenei, quien falleci\u00f3 tras los ataques atribuidos a Estados Unidos e Israel.<\/p>\n<p style=\"text-align: justify;\">La designaci\u00f3n fue anunciada mediante un breve comunicado por el principal \u00f3rgano clerical encargado de elegir al m\u00e1ximo l\u00edder de la Rep\u00fablica Isl\u00e1mica, marcando un momento clave en la pol\u00edtica iran\u00ed.<\/p>\n<p style=\"text-align: justify;\">Entre los nombres considerados para encabezar el pa\u00eds figuraban:<\/p>\n<ul>\n<li style=\"text-align: justify;\">Alireza Arafi, miembro del consejo interino<\/li>\n<li style=\"text-align: justify;\">Mohsen Araki<\/li>\n<li style=\"text-align: justify;\">Hassan Jomeini, nieto del fundador de la Rep\u00fablica Isl\u00e1mica en 1979<\/li>\n<\/ul>\n<p style=\"text-align: justify;\">Finalmente, la asamblea eligi\u00f3 a Mojtaba Jamenei, de 56 a\u00f1os, en una decisi\u00f3n que representa una transici\u00f3n de car\u00e1cter pr\u00e1cticamente hereditario, algo que su padre hab\u00eda rechazado p\u00fablicamente en 2024.<\/p>\n<p style=\"text-align: justify;\">Mojtaba Jamenei naci\u00f3 el 8 de septiembre de 1969 en Mashhad. Es el \u00fanico hijo de Al\u00ed Jamenei que ha tenido una presencia p\u00fablica relevante, aunque nunca ocup\u00f3 un cargo oficial dentro del gobierno.<\/p>\n<p style=\"text-align: justify;\">Su padre, fallecido el 28 de febrero a los 86 a\u00f1os, gobern\u00f3 Ir\u00e1n durante m\u00e1s de tres d\u00e9cadas, ejerciendo una fuerte influencia en la pol\u00edtica interna y regional.<\/p>\n<p style=\"text-align: justify;\">A lo largo de los a\u00f1os, Mojtaba ha sido descrito como una figura discreta y poco visible en ceremonias oficiales y medios de comunicaci\u00f3n, lo que ha generado especulaciones sobre su verdadero peso dentro del sistema pol\u00edtico iran\u00ed.<\/p>\n<p style=\"text-align: justify;\">Se le considera cercano a los sectores conservadores y mantiene v\u00ednculos con los Guardianes de la Revoluci\u00f3n, el poderoso cuerpo militar ideol\u00f3gico de Ir\u00e1n. Durante la fase final de la guerra entre Ir\u00e1n e Irak (1980-1988) particip\u00f3 en una unidad de combate.<\/p>\n","protected":false},"excerpt":{"rendered":"<p>Teher\u00e1n.- Este domingo, Mojtaba Jamenei fue elegido como nuevo l\u00edder supremo de Ir\u00e1n, sucediendo a su padre, Al\u00ed Jamenei, quien falleci\u00f3 tras los ataques atribuidos a Estados Unidos e Israel. La designaci\u00f3n fue anunciada mediante un breve comunicado por el principal \u00f3rgano clerical encargado de elegir al m\u00e1ximo l\u00edder de la Rep\u00fablica Isl\u00e1mica, marcando un momento clave en la pol\u00edtica iran\u00ed. Entre los nombres considerados para encabezar el pa\u00eds figuraban: Alireza Arafi, miembro del consejo interino Mohsen Araki Hassan Jomeini, nieto del fundador de la Rep\u00fablica Isl\u00e1mica en 1979 Finalmente, la asamblea eligi\u00f3 a Mojtaba Jamenei, de 56 a\u00f1os, en [&hellip;]<\/p>\n","protected":false},"author":2,"featured_media":195190,"comment_status":"closed","ping_status":"closed","sticky":false,"template":"","format":"standard","meta":{"_monsterinsights_skip_tracking":false,"_monsterinsights_sitenote_active":false,"_monsterinsights_sitenote_note":"","_monsterinsights_sitenote_category":0,"footnotes":""},"categories":[44],"tags":[],"class_list":["post-195189","post","type-post","status-publish","format-standard","has-post-thumbnail","hentry","category-internacional","post--single"],"_links":{"self":[{"href":"https:\/\/canal7slp.tv\/2026\/wp-json\/wp\/v2\/posts\/195189","targetHints":{"allow":["GET"]}}],"collection":[{"href":"https:\/\/canal7slp.tv\/2026\/wp-json\/wp\/v2\/posts"}],"about":[{"href":"https:\/\/canal7slp.tv\/2026\/wp-json\/wp\/v2\/types\/post"}],"author":[{"embeddable":true,"href":"https:\/\/canal7slp.tv\/2026\/wp-json\/wp\/v2\/users\/2"}],"replies":[{"embeddable":true,"href":"https:\/\/canal7slp.tv\/2026\/wp-json\/wp\/v2\/comments?post=195189"}],"version-history":[{"count":1,"href":"https:\/\/canal7slp.tv\/2026\/wp-json\/wp\/v2\/posts\/195189\/revisions"}],"predecessor-version":[{"id":195191,"href":"https:\/\/canal7slp.tv\/2026\/wp-json\/wp\/v2\/posts\/195189\/revisions\/195191"}],"wp:featuredmedia":[{"embeddable":true,"href":"https:\/\/canal7slp.tv\/2026\/wp-json\/wp\/v2\/media\/195190"}],"wp:attachment":[{"href":"https:\/\/canal7slp.tv\/2026\/wp-json\/wp\/v2\/media?parent=195189"}],"wp:term":[{"taxonomy":"category","embeddable":true,"href":"https:\/\/canal7slp.tv\/2026\/wp-json\/wp\/v2\/categories?post=195189"},{"taxonomy":"post_tag","embeddable":true,"href":"https:\/\/canal7slp.tv\/2026\/wp-json\/wp\/v2\/tags?post=195189"}],"curies":[{"name":"wp","href":"https:\/\/api.w.org\/{rel}","templated":true}]}}