{"id":195127,"date":"2026-03-08T09:14:38","date_gmt":"2026-03-08T15:14:38","guid":{"rendered":"https:\/\/canal7slp.tv\/2026\/?p=195127"},"modified":"2026-03-08T09:14:38","modified_gmt":"2026-03-08T15:14:38","slug":"asamblea-de-expertos-define-al-nuevo-lider-supremo-de-iran","status":"publish","type":"post","link":"https:\/\/canal7slp.tv\/2026\/asamblea-de-expertos-define-al-nuevo-lider-supremo-de-iran\/","title":{"rendered":"Asamblea de Expertos define al nuevo l\u00edder supremo de Ir\u00e1n"},"content":{"rendered":"<p style=\"text-align: justify;\">Teher\u00e1n.- Dos integrantes de la Asamblea de Expertos de Ir\u00e1n informaron que ya fue elegido el sucesor del ayatol\u00e1 Al\u00ed Jamenei, quien habr\u00eda sido asesinado en un ataque coordinado entre Estados Unidos e Israel. No obstante, el nombre del nuevo l\u00edder a\u00fan no ha sido revelado p\u00fablicamente.<\/p>\n<p style=\"text-align: justify;\">El ayatol\u00e1 Ahmad Alamolhoda, miembro de este \u00f3rgano compuesto por 88 cl\u00e9rigos, asegur\u00f3 que el proceso de designaci\u00f3n ya concluy\u00f3.<\/p>\n<p style=\"text-align: justify;\">\u201cLa elecci\u00f3n del liderazgo ya se ha llevado a cabo y el l\u00edder ha sido determinado\u201d, afirm\u00f3.<\/p>\n<p style=\"text-align: justify;\">La responsabilidad de anunciar oficialmente la decisi\u00f3n corresponde al ayatol\u00e1 Hashem Hosseini Bushehri, secretario de la Asamblea de Expertos.<\/p>\n<p style=\"text-align: justify;\">Por su parte, el ayatol\u00e1 Kamal Heydari se\u00f1al\u00f3 que la Asamblea eligi\u00f3 a \u201cla mejor opci\u00f3n\u201d para asumir el liderazgo del pa\u00eds, decisi\u00f3n que habr\u00eda sido respaldada por la mayor\u00eda de sus integrantes.<\/p>\n<p style=\"text-align: justify;\">Otro miembro de la Asamblea, Hossein Mozaffari, indic\u00f3 que el nombre del nuevo l\u00edder podr\u00eda hacerse p\u00fablico en las pr\u00f3ximas 24 horas, luego de que varios cl\u00e9rigos solicitaran acelerar el proceso de sucesi\u00f3n.<\/p>\n<p style=\"text-align: justify;\">El ayatol\u00e1 Mohamad Mahdi Mirbagheri tambi\u00e9n destac\u00f3 el esfuerzo realizado por los miembros del organismo para concretar la designaci\u00f3n.<\/p>\n<p style=\"text-align: justify;\">Las presiones para acelerar la elecci\u00f3n han sido respaldadas por el parlamentario ultraconservador Hamid Rasaei, quien critic\u00f3 al Consejo Provisional de Liderazgo y al presidente Masud Pezeshkian por sus declaraciones sobre la pol\u00edtica exterior de Ir\u00e1n.<\/p>\n<p style=\"text-align: justify;\">En medio de esta situaci\u00f3n, el Ej\u00e9rcito israel\u00ed advirti\u00f3 que podr\u00eda tomar acciones contra el sucesor de Jamenei y contra cualquier persona involucrada en su designaci\u00f3n.<\/p>\n<p style=\"text-align: justify;\">La transici\u00f3n de liderazgo en Ir\u00e1n ocurre en un contexto de alta tensi\u00f3n regional y creciente confrontaci\u00f3n internacional.<\/p>\n","protected":false},"excerpt":{"rendered":"<p>Teher\u00e1n.- Dos integrantes de la Asamblea de Expertos de Ir\u00e1n informaron que ya fue elegido el sucesor del ayatol\u00e1 Al\u00ed Jamenei, quien habr\u00eda sido asesinado en un ataque coordinado entre Estados Unidos e Israel. No obstante, el nombre del nuevo l\u00edder a\u00fan no ha sido revelado p\u00fablicamente. El ayatol\u00e1 Ahmad Alamolhoda, miembro de este \u00f3rgano compuesto por 88 cl\u00e9rigos, asegur\u00f3 que el proceso de designaci\u00f3n ya concluy\u00f3. \u201cLa elecci\u00f3n del liderazgo ya se ha llevado a cabo y el l\u00edder ha sido determinado\u201d, afirm\u00f3. La responsabilidad de anunciar oficialmente la decisi\u00f3n corresponde al ayatol\u00e1 Hashem Hosseini Bushehri, secretario de la [&hellip;]<\/p>\n","protected":false},"author":2,"featured_media":195128,"comment_status":"closed","ping_status":"closed","sticky":false,"template":"","format":"standard","meta":{"_monsterinsights_skip_tracking":false,"_monsterinsights_sitenote_active":false,"_monsterinsights_sitenote_note":"","_monsterinsights_sitenote_category":0,"footnotes":""},"categories":[44],"tags":[],"class_list":["post-195127","post","type-post","status-publish","format-standard","has-post-thumbnail","hentry","category-internacional","post--single"],"_links":{"self":[{"href":"https:\/\/canal7slp.tv\/2026\/wp-json\/wp\/v2\/posts\/195127","targetHints":{"allow":["GET"]}}],"collection":[{"href":"https:\/\/canal7slp.tv\/2026\/wp-json\/wp\/v2\/posts"}],"about":[{"href":"https:\/\/canal7slp.tv\/2026\/wp-json\/wp\/v2\/types\/post"}],"author":[{"embeddable":true,"href":"https:\/\/canal7slp.tv\/2026\/wp-json\/wp\/v2\/users\/2"}],"replies":[{"embeddable":true,"href":"https:\/\/canal7slp.tv\/2026\/wp-json\/wp\/v2\/comments?post=195127"}],"version-history":[{"count":1,"href":"https:\/\/canal7slp.tv\/2026\/wp-json\/wp\/v2\/posts\/195127\/revisions"}],"predecessor-version":[{"id":195129,"href":"https:\/\/canal7slp.tv\/2026\/wp-json\/wp\/v2\/posts\/195127\/revisions\/195129"}],"wp:featuredmedia":[{"embeddable":true,"href":"https:\/\/canal7slp.tv\/2026\/wp-json\/wp\/v2\/media\/195128"}],"wp:attachment":[{"href":"https:\/\/canal7slp.tv\/2026\/wp-json\/wp\/v2\/media?parent=195127"}],"wp:term":[{"taxonomy":"category","embeddable":true,"href":"https:\/\/canal7slp.tv\/2026\/wp-json\/wp\/v2\/categories?post=195127"},{"taxonomy":"post_tag","embeddable":true,"href":"https:\/\/canal7slp.tv\/2026\/wp-json\/wp\/v2\/tags?post=195127"}],"curies":[{"name":"wp","href":"https:\/\/api.w.org\/{rel}","templated":true}]}}