{"id":195121,"date":"2026-03-08T08:52:27","date_gmt":"2026-03-08T14:52:27","guid":{"rendered":"https:\/\/canal7slp.tv\/2026\/?p=195121"},"modified":"2026-03-08T08:52:27","modified_gmt":"2026-03-08T14:52:27","slug":"desmienten-hospitalizacion-de-lopez-obrador","status":"publish","type":"post","link":"https:\/\/canal7slp.tv\/2026\/desmienten-hospitalizacion-de-lopez-obrador\/","title":{"rendered":"Desmienten hospitalizaci\u00f3n de L\u00f3pez Obrador"},"content":{"rendered":"<p style=\"text-align: justify;\">M\u00e9xico.- El coordinador de Morena en el Senado, Ignacio Mier, desminti\u00f3 las versiones difundidas en redes sociales sobre una supuesta hospitalizaci\u00f3n del expresidente Andr\u00e9s Manuel L\u00f3pez Obrador.<\/p>\n<p style=\"text-align: justify;\">El legislador asegur\u00f3 que es \u201cabsolutamente falso\u201d que el exmandatario haya sido ingresado al Hospital Central Militar de la Ciudad de M\u00e9xico, y exhort\u00f3 a la poblaci\u00f3n a no difundir rumores sin fundamento.<\/p>\n<p style=\"text-align: justify;\">Las versiones sobre el estado de salud de L\u00f3pez Obrador surgieron tras la reuni\u00f3n del Consejo Nacional de Morena, donde comenz\u00f3 a circular la informaci\u00f3n de que habr\u00eda sido hospitalizado debido a una supuesta afecci\u00f3n cardiaca.<\/p>\n<p style=\"text-align: justify;\">Sin embargo, otros dirigentes del partido tambi\u00e9n se\u00f1alaron que no tienen conocimiento de alg\u00fan problema grave de salud del expresidente, y reiteraron que las versiones difundidas en redes sociales carecen de sustento.<\/p>\n<p style=\"text-align: justify;\">Desde que concluy\u00f3 su mandato en 2024, L\u00f3pez Obrador se ha mantenido alejado de la vida p\u00fablica y reside en su rancho en Chiapas.<\/p>\n<p style=\"text-align: justify;\">En ese periodo ha reaparecido ocasionalmente para compartir avances de sus proyectos literarios y expresar opiniones sobre algunos temas de la actualidad nacional.<\/p>\n","protected":false},"excerpt":{"rendered":"<p>M\u00e9xico.- El coordinador de Morena en el Senado, Ignacio Mier, desminti\u00f3 las versiones difundidas en redes sociales sobre una supuesta hospitalizaci\u00f3n del expresidente Andr\u00e9s Manuel L\u00f3pez Obrador. El legislador asegur\u00f3 que es \u201cabsolutamente falso\u201d que el exmandatario haya sido ingresado al Hospital Central Militar de la Ciudad de M\u00e9xico, y exhort\u00f3 a la poblaci\u00f3n a no difundir rumores sin fundamento. Las versiones sobre el estado de salud de L\u00f3pez Obrador surgieron tras la reuni\u00f3n del Consejo Nacional de Morena, donde comenz\u00f3 a circular la informaci\u00f3n de que habr\u00eda sido hospitalizado debido a una supuesta afecci\u00f3n cardiaca. Sin embargo, otros dirigentes [&hellip;]<\/p>\n","protected":false},"author":2,"featured_media":195122,"comment_status":"closed","ping_status":"closed","sticky":false,"template":"","format":"standard","meta":{"_monsterinsights_skip_tracking":false,"_monsterinsights_sitenote_active":false,"_monsterinsights_sitenote_note":"","_monsterinsights_sitenote_category":0,"footnotes":""},"categories":[46],"tags":[],"class_list":["post-195121","post","type-post","status-publish","format-standard","has-post-thumbnail","hentry","category-nacional","post--single"],"_links":{"self":[{"href":"https:\/\/canal7slp.tv\/2026\/wp-json\/wp\/v2\/posts\/195121","targetHints":{"allow":["GET"]}}],"collection":[{"href":"https:\/\/canal7slp.tv\/2026\/wp-json\/wp\/v2\/posts"}],"about":[{"href":"https:\/\/canal7slp.tv\/2026\/wp-json\/wp\/v2\/types\/post"}],"author":[{"embeddable":true,"href":"https:\/\/canal7slp.tv\/2026\/wp-json\/wp\/v2\/users\/2"}],"replies":[{"embeddable":true,"href":"https:\/\/canal7slp.tv\/2026\/wp-json\/wp\/v2\/comments?post=195121"}],"version-history":[{"count":1,"href":"https:\/\/canal7slp.tv\/2026\/wp-json\/wp\/v2\/posts\/195121\/revisions"}],"predecessor-version":[{"id":195123,"href":"https:\/\/canal7slp.tv\/2026\/wp-json\/wp\/v2\/posts\/195121\/revisions\/195123"}],"wp:featuredmedia":[{"embeddable":true,"href":"https:\/\/canal7slp.tv\/2026\/wp-json\/wp\/v2\/media\/195122"}],"wp:attachment":[{"href":"https:\/\/canal7slp.tv\/2026\/wp-json\/wp\/v2\/media?parent=195121"}],"wp:term":[{"taxonomy":"category","embeddable":true,"href":"https:\/\/canal7slp.tv\/2026\/wp-json\/wp\/v2\/categories?post=195121"},{"taxonomy":"post_tag","embeddable":true,"href":"https:\/\/canal7slp.tv\/2026\/wp-json\/wp\/v2\/tags?post=195121"}],"curies":[{"name":"wp","href":"https:\/\/api.w.org\/{rel}","templated":true}]}}