{"id":194952,"date":"2026-03-05T17:24:11","date_gmt":"2026-03-05T23:24:11","guid":{"rendered":"https:\/\/canal7slp.tv\/2026\/?p=194952"},"modified":"2026-03-05T17:24:11","modified_gmt":"2026-03-05T23:24:11","slug":"apagon-masivo-deja-a-seis-millones-de-cubanos-sin-electricidad","status":"publish","type":"post","link":"https:\/\/canal7slp.tv\/2026\/apagon-masivo-deja-a-seis-millones-de-cubanos-sin-electricidad\/","title":{"rendered":"Apag\u00f3n masivo deja a seis millones de cubanos sin electricidad"},"content":{"rendered":"<p style=\"text-align: justify;\">La Habana.- El 5 de marzo, alrededor de seis millones de cubanos quedaron sin servicio el\u00e9ctrico luego de una aver\u00eda en la Central Termoel\u00e9ctrica Antonio Guiteras, lo que provoc\u00f3 la ca\u00edda del Sistema El\u00e9ctrico Nacional (SEN) en aproximadamente dos tercios del pa\u00eds, incluida La Habana.<\/p>\n<p style=\"text-align: justify;\">La estatal Uni\u00f3n El\u00e9ctrica de Cuba (UNE) inform\u00f3 que se activaron los protocolos correspondientes para restablecer el servicio lo antes posible.<\/p>\n<p style=\"text-align: justify;\">La desconexi\u00f3n del SEN se origin\u00f3 por la \u201csalida inesperada\u201d de la central Antonio Guiteras, ubicada en Matanzas, a causa de un salidero en la caldera detectado a las 12:41 horas (hora local).<\/p>\n<p style=\"text-align: justify;\">Esta planta ha registrado fallas t\u00e9cnicas recurrentes en los \u00faltimos a\u00f1os, en medio del deterioro de la infraestructura energ\u00e9tica y la escasez de combustible que enfrenta el pa\u00eds.<\/p>\n<p style=\"text-align: justify;\">Tres horas despu\u00e9s de la aver\u00eda, solo el 2.5 % de los usuarios en La Habana contaban con suministro el\u00e9ctrico.<\/p>\n<p style=\"text-align: justify;\">El apag\u00f3n tambi\u00e9n afect\u00f3 los sistemas de comunicaci\u00f3n, incluidos los servicios de telefon\u00eda m\u00f3vil y fija, as\u00ed como la se\u00f1al de radio y televisi\u00f3n nacional.<\/p>\n<p style=\"text-align: justify;\">El ministro de Energ\u00eda y Minas, Vicente de la O Levy, inform\u00f3 que se trabaja en la recuperaci\u00f3n del Sistema El\u00e9ctrico Nacional.<\/p>\n<p style=\"text-align: justify;\">Para ello, se est\u00e1 utilizando la central termoel\u00e9ctrica de Felton y la central de Boca de Jaruco, que opera con gas, con el objetivo de facilitar la reconexi\u00f3n del sistema.<\/p>\n<p style=\"text-align: justify;\">El proceso de restablecimiento es complejo, ya que requiere la creaci\u00f3n de \u201cislas de energ\u00eda\u201d, las cuales posteriormente se interconectan para reactivar gradualmente las centrales y restablecer el suministro el\u00e9ctrico.<\/p>\n<p style=\"text-align: justify;\">En apagones anteriores, este procedimiento ha llegado a tardar varios d\u00edas.<\/p>\n<p style=\"text-align: justify;\">La situaci\u00f3n se complica debido a que numerosos motores de generaci\u00f3n distribuidos en el pa\u00eds se encuentran fuera de operaci\u00f3n por falta de combustible, un problema que el gobierno cubano atribuye en parte al bloqueo estadounidense.<\/p>\n<p style=\"text-align: justify;\">Cuba enfrenta una crisis energ\u00e9tica desde mediados de 2024, la cual se ha intensificado en los \u00faltimos meses.<\/p>\n<p style=\"text-align: justify;\">Aunque la aver\u00eda en la central Antonio Guiteras no est\u00e1 directamente relacionada con las sanciones de Estados Unidos, la escasez de combustible s\u00ed ha sido vinculada por las autoridades cubanas a estas medidas.<\/p>\n<p style=\"text-align: justify;\">Antes de la falla, la UNE ya hab\u00eda previsto apagones que afectar\u00edan al 63 % del pa\u00eds, uno de los porcentajes m\u00e1s altos desde que comenzaron a publicarse estad\u00edsticas energ\u00e9ticas en 2022.<\/p>\n<p style=\"text-align: justify;\">En algunas regiones de la isla, los cortes de electricidad superan las 20 horas diarias, mientras que en ciertos sectores de La Habana alcanzan m\u00e1s de 15 horas.<\/p>\n<p style=\"text-align: justify;\">La crisis energ\u00e9tica cubana est\u00e1 relacionada con una infrafinanciaci\u00f3n cr\u00f3nica del sistema el\u00e9ctrico, cuyo saneamiento requerir\u00eda inversiones estimadas entre 8 mil y 10 mil millones de d\u00f3lares.<\/p>\n<p style=\"text-align: justify;\">Los apagones han tenido un fuerte impacto en la econom\u00eda, que se ha contra\u00eddo m\u00e1s de un 15 % desde 2020, adem\u00e1s de convertirse en uno de los principales detonantes de protestas sociales en los \u00faltimos a\u00f1os.<\/p>\n<p style=\"text-align: justify;\">La situaci\u00f3n actual pone de relieve la necesidad urgente de inversiones y reformas en el sector energ\u00e9tico para evitar nuevas crisis y mejorar las condiciones de vida de la poblaci\u00f3n.<\/p>\n","protected":false},"excerpt":{"rendered":"<p>La Habana.- El 5 de marzo, alrededor de seis millones de cubanos quedaron sin servicio el\u00e9ctrico luego de una aver\u00eda en la Central Termoel\u00e9ctrica Antonio Guiteras, lo que provoc\u00f3 la ca\u00edda del Sistema El\u00e9ctrico Nacional (SEN) en aproximadamente dos tercios del pa\u00eds, incluida La Habana. La estatal Uni\u00f3n El\u00e9ctrica de Cuba (UNE) inform\u00f3 que se activaron los protocolos correspondientes para restablecer el servicio lo antes posible. La desconexi\u00f3n del SEN se origin\u00f3 por la \u201csalida inesperada\u201d de la central Antonio Guiteras, ubicada en Matanzas, a causa de un salidero en la caldera detectado a las 12:41 horas (hora local). Esta [&hellip;]<\/p>\n","protected":false},"author":2,"featured_media":194953,"comment_status":"closed","ping_status":"closed","sticky":false,"template":"","format":"standard","meta":{"_monsterinsights_skip_tracking":false,"_monsterinsights_sitenote_active":false,"_monsterinsights_sitenote_note":"","_monsterinsights_sitenote_category":0,"footnotes":""},"categories":[44],"tags":[],"class_list":["post-194952","post","type-post","status-publish","format-standard","has-post-thumbnail","hentry","category-internacional","post--single"],"_links":{"self":[{"href":"https:\/\/canal7slp.tv\/2026\/wp-json\/wp\/v2\/posts\/194952","targetHints":{"allow":["GET"]}}],"collection":[{"href":"https:\/\/canal7slp.tv\/2026\/wp-json\/wp\/v2\/posts"}],"about":[{"href":"https:\/\/canal7slp.tv\/2026\/wp-json\/wp\/v2\/types\/post"}],"author":[{"embeddable":true,"href":"https:\/\/canal7slp.tv\/2026\/wp-json\/wp\/v2\/users\/2"}],"replies":[{"embeddable":true,"href":"https:\/\/canal7slp.tv\/2026\/wp-json\/wp\/v2\/comments?post=194952"}],"version-history":[{"count":1,"href":"https:\/\/canal7slp.tv\/2026\/wp-json\/wp\/v2\/posts\/194952\/revisions"}],"predecessor-version":[{"id":194954,"href":"https:\/\/canal7slp.tv\/2026\/wp-json\/wp\/v2\/posts\/194952\/revisions\/194954"}],"wp:featuredmedia":[{"embeddable":true,"href":"https:\/\/canal7slp.tv\/2026\/wp-json\/wp\/v2\/media\/194953"}],"wp:attachment":[{"href":"https:\/\/canal7slp.tv\/2026\/wp-json\/wp\/v2\/media?parent=194952"}],"wp:term":[{"taxonomy":"category","embeddable":true,"href":"https:\/\/canal7slp.tv\/2026\/wp-json\/wp\/v2\/categories?post=194952"},{"taxonomy":"post_tag","embeddable":true,"href":"https:\/\/canal7slp.tv\/2026\/wp-json\/wp\/v2\/tags?post=194952"}],"curies":[{"name":"wp","href":"https:\/\/api.w.org\/{rel}","templated":true}]}}