{"id":194905,"date":"2026-03-05T13:40:24","date_gmt":"2026-03-05T19:40:24","guid":{"rendered":"https:\/\/canal7slp.tv\/2026\/?p=194905"},"modified":"2026-03-05T13:40:24","modified_gmt":"2026-03-05T19:40:24","slug":"gobierno-federal-garantiza-seguridad-para-visitantes-del-mundial-2026-en-mexico","status":"publish","type":"post","link":"https:\/\/canal7slp.tv\/2026\/gobierno-federal-garantiza-seguridad-para-visitantes-del-mundial-2026-en-mexico\/","title":{"rendered":"Gobierno federal garantiza seguridad para visitantes del Mundial 2026 en M\u00e9xico"},"content":{"rendered":"<p style=\"text-align: justify;\">M\u00e9xico.- La presidenta de M\u00e9xico, Claudia Sheinbaum, asegur\u00f3 que el pa\u00eds garantizar\u00e1 la seguridad de los visitantes que lleguen para la Copa del Mundo 2026, destacando la coordinaci\u00f3n entre las fuerzas federales y las autoridades estatales.<\/p>\n<p style=\"text-align: justify;\">Durante una conferencia de prensa, la mandataria inform\u00f3 que se realizar\u00e1 una reuni\u00f3n con representantes de la FIFA y de la Secretar\u00eda de Seguridad y Protecci\u00f3n Ciudadana para evaluar los avances en el operativo de seguridad que se implementar\u00e1 durante el evento.<\/p>\n<p style=\"text-align: justify;\">La reuni\u00f3n ocurre en un contexto marcado por recientes acciones del gobierno federal contra el crimen organizado, entre ellas la neutralizaci\u00f3n de Nemesio Oseguera Cervantes, identificado como l\u00edder del C\u00e1rtel Jalisco Nueva Generaci\u00f3n. En ese sentido, Sheinbaum subray\u00f3 que M\u00e9xico cuenta con un s\u00f3lido despliegue institucional para garantizar la seguridad de turistas y aficionados.<\/p>\n<p style=\"text-align: justify;\">Asimismo, la presidenta calific\u00f3 como positiva la reuni\u00f3n sostenida con representantes de la FIFA, al se\u00f1alar que ambas partes quedaron satisfechas tras abordar temas clave como seguridad, log\u00edstica y movilidad de cara al torneo.<\/p>\n<p style=\"text-align: justify;\">M\u00e9xico ser\u00e1 sede de la Copa del Mundo por tercera ocasi\u00f3n, despu\u00e9s de haber organizado los torneos de 1970 y 1986. Para la edici\u00f3n de 2026 se disputar\u00e1n 13 partidos en tres ciudades: Ciudad de M\u00e9xico, Guadalajara y Monterrey.<\/p>\n<p style=\"text-align: justify;\">Finalmente, Sheinbaum expres\u00f3 que el objetivo del gobierno es que el Mundial 2026 se desarrolle en un ambiente seguro, pac\u00edfico y agradable para los millones de visitantes que se espera lleguen al pa\u00eds.<\/p>\n","protected":false},"excerpt":{"rendered":"<p>M\u00e9xico.- La presidenta de M\u00e9xico, Claudia Sheinbaum, asegur\u00f3 que el pa\u00eds garantizar\u00e1 la seguridad de los visitantes que lleguen para la Copa del Mundo 2026, destacando la coordinaci\u00f3n entre las fuerzas federales y las autoridades estatales. Durante una conferencia de prensa, la mandataria inform\u00f3 que se realizar\u00e1 una reuni\u00f3n con representantes de la FIFA y de la Secretar\u00eda de Seguridad y Protecci\u00f3n Ciudadana para evaluar los avances en el operativo de seguridad que se implementar\u00e1 durante el evento. La reuni\u00f3n ocurre en un contexto marcado por recientes acciones del gobierno federal contra el crimen organizado, entre ellas la neutralizaci\u00f3n de [&hellip;]<\/p>\n","protected":false},"author":2,"featured_media":194907,"comment_status":"closed","ping_status":"closed","sticky":false,"template":"","format":"standard","meta":{"_monsterinsights_skip_tracking":false,"_monsterinsights_sitenote_active":false,"_monsterinsights_sitenote_note":"","_monsterinsights_sitenote_category":0,"footnotes":""},"categories":[7,46],"tags":[],"class_list":["post-194905","post","type-post","status-publish","format-standard","has-post-thumbnail","hentry","category-deportes","category-nacional","post--single"],"_links":{"self":[{"href":"https:\/\/canal7slp.tv\/2026\/wp-json\/wp\/v2\/posts\/194905","targetHints":{"allow":["GET"]}}],"collection":[{"href":"https:\/\/canal7slp.tv\/2026\/wp-json\/wp\/v2\/posts"}],"about":[{"href":"https:\/\/canal7slp.tv\/2026\/wp-json\/wp\/v2\/types\/post"}],"author":[{"embeddable":true,"href":"https:\/\/canal7slp.tv\/2026\/wp-json\/wp\/v2\/users\/2"}],"replies":[{"embeddable":true,"href":"https:\/\/canal7slp.tv\/2026\/wp-json\/wp\/v2\/comments?post=194905"}],"version-history":[{"count":1,"href":"https:\/\/canal7slp.tv\/2026\/wp-json\/wp\/v2\/posts\/194905\/revisions"}],"predecessor-version":[{"id":194910,"href":"https:\/\/canal7slp.tv\/2026\/wp-json\/wp\/v2\/posts\/194905\/revisions\/194910"}],"wp:featuredmedia":[{"embeddable":true,"href":"https:\/\/canal7slp.tv\/2026\/wp-json\/wp\/v2\/media\/194907"}],"wp:attachment":[{"href":"https:\/\/canal7slp.tv\/2026\/wp-json\/wp\/v2\/media?parent=194905"}],"wp:term":[{"taxonomy":"category","embeddable":true,"href":"https:\/\/canal7slp.tv\/2026\/wp-json\/wp\/v2\/categories?post=194905"},{"taxonomy":"post_tag","embeddable":true,"href":"https:\/\/canal7slp.tv\/2026\/wp-json\/wp\/v2\/tags?post=194905"}],"curies":[{"name":"wp","href":"https:\/\/api.w.org\/{rel}","templated":true}]}}