{"id":194881,"date":"2026-03-04T19:18:28","date_gmt":"2026-03-05T01:18:28","guid":{"rendered":"https:\/\/canal7slp.tv\/2026\/?p=194881"},"modified":"2026-03-04T19:20:16","modified_gmt":"2026-03-05T01:20:16","slug":"toma-protesta-nueva-directiva-del-observatorio-de-participacion-politica-de-las-mujeres","status":"publish","type":"post","link":"https:\/\/canal7slp.tv\/2026\/toma-protesta-nueva-directiva-del-observatorio-de-participacion-politica-de-las-mujeres\/","title":{"rendered":"Toma protesta nueva directiva del Observatorio de Participaci\u00f3n Pol\u00edtica de las Mujeres"},"content":{"rendered":"<p style=\"text-align: justify;\"><span style=\"font-size: 1.21429rem;\">SLP.- En el marco del informe de actividades 2025-2026 del Observatorio de Participaci\u00f3n Pol\u00edtica de las Mujeres se tom\u00f3 protesta a la magistrada presidenta del Tribunal Electoral del Estado, Denisee Porras Guerrero, como nueva presidenta de este organismo.<\/span><\/p>\n<p style=\"text-align: justify;\">Este evento se llev\u00f3 a cabo en las instalaciones del Consejo Estatal Electoral y de Participaci\u00f3n Ciudadana en donde su consejera presidenta, destac\u00f3 la participaci\u00f3n de las mujeres en la vida pol\u00edtica del estado.<\/p>\n<p style=\"text-align: justify;\">En el marco de este acto se llev\u00f3 a cabo la conferencia denominada \u201cAvances y retos de los Observatorios de Participaci\u00f3n Pol\u00edtica de las Mujeres, del diagn\u00f3stico a la inclusi\u00f3n real\u201d, a cargo de la consejera nacional del INE Dania Paola Ravel Cuevas.<\/p>\n<p style=\"text-align: justify;\">Por: Claudio Ibarra<\/p>\n","protected":false},"excerpt":{"rendered":"<p>SLP.- En el marco del informe de actividades 2025-2026 del Observatorio de Participaci\u00f3n Pol\u00edtica de las Mujeres se tom\u00f3 protesta a la magistrada presidenta del Tribunal Electoral del Estado, Denisee Porras Guerrero, como nueva presidenta de este organismo. Este evento se llev\u00f3 a cabo en las instalaciones del Consejo Estatal Electoral y de Participaci\u00f3n Ciudadana en donde su consejera presidenta, destac\u00f3 la participaci\u00f3n de las mujeres en la vida pol\u00edtica del estado. En el marco de este acto se llev\u00f3 a cabo la conferencia denominada \u201cAvances y retos de los Observatorios de Participaci\u00f3n Pol\u00edtica de las Mujeres, del diagn\u00f3stico a [&hellip;]<\/p>\n","protected":false},"author":2,"featured_media":194887,"comment_status":"closed","ping_status":"closed","sticky":false,"template":"","format":"video","meta":{"_monsterinsights_skip_tracking":false,"_monsterinsights_sitenote_active":false,"_monsterinsights_sitenote_note":"","_monsterinsights_sitenote_category":0,"footnotes":""},"categories":[5,45],"tags":[],"class_list":["post-194881","post","type-post","status-publish","format-video","has-post-thumbnail","hentry","category-destacadas","category-localesyregionales","post_format-post-format-video","post--single"],"_links":{"self":[{"href":"https:\/\/canal7slp.tv\/2026\/wp-json\/wp\/v2\/posts\/194881","targetHints":{"allow":["GET"]}}],"collection":[{"href":"https:\/\/canal7slp.tv\/2026\/wp-json\/wp\/v2\/posts"}],"about":[{"href":"https:\/\/canal7slp.tv\/2026\/wp-json\/wp\/v2\/types\/post"}],"author":[{"embeddable":true,"href":"https:\/\/canal7slp.tv\/2026\/wp-json\/wp\/v2\/users\/2"}],"replies":[{"embeddable":true,"href":"https:\/\/canal7slp.tv\/2026\/wp-json\/wp\/v2\/comments?post=194881"}],"version-history":[{"count":2,"href":"https:\/\/canal7slp.tv\/2026\/wp-json\/wp\/v2\/posts\/194881\/revisions"}],"predecessor-version":[{"id":194888,"href":"https:\/\/canal7slp.tv\/2026\/wp-json\/wp\/v2\/posts\/194881\/revisions\/194888"}],"wp:featuredmedia":[{"embeddable":true,"href":"https:\/\/canal7slp.tv\/2026\/wp-json\/wp\/v2\/media\/194887"}],"wp:attachment":[{"href":"https:\/\/canal7slp.tv\/2026\/wp-json\/wp\/v2\/media?parent=194881"}],"wp:term":[{"taxonomy":"category","embeddable":true,"href":"https:\/\/canal7slp.tv\/2026\/wp-json\/wp\/v2\/categories?post=194881"},{"taxonomy":"post_tag","embeddable":true,"href":"https:\/\/canal7slp.tv\/2026\/wp-json\/wp\/v2\/tags?post=194881"}],"curies":[{"name":"wp","href":"https:\/\/api.w.org\/{rel}","templated":true}]}}