{"id":194845,"date":"2026-03-04T17:28:56","date_gmt":"2026-03-04T23:28:56","guid":{"rendered":"https:\/\/canal7slp.tv\/2026\/?p=194845"},"modified":"2026-03-04T17:28:56","modified_gmt":"2026-03-04T23:28:56","slug":"10-hectareas-consumio-incendio-en-candido-navarro","status":"publish","type":"post","link":"https:\/\/canal7slp.tv\/2026\/10-hectareas-consumio-incendio-en-candido-navarro\/","title":{"rendered":"10 hect\u00e1reas consumi\u00f3 incendio en C\u00e1ndido Navarro"},"content":{"rendered":"<ul>\n<li style=\"text-align: justify;\">Solo este a\u00f1o, en Soledad se han registrado 80 siniestros, de los cuales la mitad fueron provocados.<\/li>\n<\/ul>\n<p style=\"text-align: justify;\">SGS.-\u00a0Reciente incendio acontecido en Soledad de Graciano S\u00e1nchez, es uno de los de mayor extensi\u00f3n que se han presentado en el a\u00f1o, indic\u00f3 el director municipal de Protecci\u00f3n Civil, Mart\u00edn Bravo Galicia.<\/p>\n<p style=\"text-align: justify;\">\u201cEl de ayer, estamos valorando, sentimos que fue provocado, es un incendio bastante fuerte (\u2026) entre Palma de la Cruz y C\u00e1ndido Navarro (\u2026) unas 10, nueve hect\u00e1reas (\u2026) ah\u00ed se nos complica mucho porque hay mucha vegetaci\u00f3n, palmeras y todo, que es lo que se quema muy r\u00e1pido y es muy dif\u00edcil de apagar\u201d.<\/p>\n<p style=\"text-align: justify;\">Debido a las condiciones del lugar, 14 miembros de Protecci\u00f3n Civil tuvieron que combatir el incendio p\u00ede tierra sin camiones cisterna, debido a que el fuego puso en riesgo a los habitantes de la comunidad de C\u00e1ndido Navarro.<\/p>\n<p style=\"text-align: justify;\">\u201cTuvimos que, pues apagarlo porque s\u00ed, hab\u00eda un riesgo a la poblaci\u00f3n de C\u00e1ndido Navarro\u201d<\/p>\n<p style=\"text-align: justify;\">Del arranque de a\u00f1o 2026 al mes de marzo se han presentado alrededor de 80 siniestros en Soledad de Graciano S\u00e1nchez.<\/p>\n<p style=\"text-align: justify;\">\u201cEn este 26, cosa incre\u00edble, todav\u00eda no empieza la temporada de incendios y llevamos una aproximado de unos 80 incendios (\u2026) en enero turismo pocos, febrero es el m\u00e1s pesado\u201d.<\/p>\n<p style=\"text-align: justify;\">Del total de incendios la mitad es provocado.<\/p>\n<p style=\"text-align: justify;\">\u201cYo creo 50-50, es muy preocupante la quema de basura clandestina y hay gente que lo provoca, aunque no queme basura, va y prende\u201d.<\/p>\n<p style=\"text-align: justify;\">El otro 50% tambi\u00e9n tienen que ver con la mano del hombre, pero de manera indirecta.<\/p>\n<p style=\"text-align: justify;\">\u201cHay el famoso efecto lupa, donde hay vidrios, con el sol, ya ves que tambi\u00e9n ahorita la temperatura ha subido bastante, entonces este efecto lupa hace que esos vidrios prendan la maleza\u201d.<\/p>\n<p style=\"text-align: justify;\">Asever\u00f3 que debido al fr\u00edo invierno que se ha vivido, existe una gran cantidad de material combustible, por lo que exhort\u00f3 a la poblaci\u00f3n evitar generar quemas de basura.<\/p>\n<p>Por: Juan Carlos Contreras<\/p>\n","protected":false},"excerpt":{"rendered":"<p>Solo este a\u00f1o, en Soledad se han registrado 80 siniestros, de los cuales la mitad fueron provocados. SGS.-\u00a0Reciente incendio acontecido en Soledad de Graciano S\u00e1nchez, es uno de los de mayor extensi\u00f3n que se han presentado en el a\u00f1o, indic\u00f3 el director municipal de Protecci\u00f3n Civil, Mart\u00edn Bravo Galicia. \u201cEl de ayer, estamos valorando, sentimos que fue provocado, es un incendio bastante fuerte (\u2026) entre Palma de la Cruz y C\u00e1ndido Navarro (\u2026) unas 10, nueve hect\u00e1reas (\u2026) ah\u00ed se nos complica mucho porque hay mucha vegetaci\u00f3n, palmeras y todo, que es lo que se quema muy r\u00e1pido y es [&hellip;]<\/p>\n","protected":false},"author":2,"featured_media":194853,"comment_status":"closed","ping_status":"closed","sticky":false,"template":"","format":"video","meta":{"_monsterinsights_skip_tracking":false,"_monsterinsights_sitenote_active":false,"_monsterinsights_sitenote_note":"","_monsterinsights_sitenote_category":0,"footnotes":""},"categories":[512,5,45],"tags":[],"class_list":["post-194845","post","type-post","status-publish","format-video","has-post-thumbnail","hentry","category-ayosgs","category-destacadas","category-localesyregionales","post_format-post-format-video","post--single"],"_links":{"self":[{"href":"https:\/\/canal7slp.tv\/2026\/wp-json\/wp\/v2\/posts\/194845","targetHints":{"allow":["GET"]}}],"collection":[{"href":"https:\/\/canal7slp.tv\/2026\/wp-json\/wp\/v2\/posts"}],"about":[{"href":"https:\/\/canal7slp.tv\/2026\/wp-json\/wp\/v2\/types\/post"}],"author":[{"embeddable":true,"href":"https:\/\/canal7slp.tv\/2026\/wp-json\/wp\/v2\/users\/2"}],"replies":[{"embeddable":true,"href":"https:\/\/canal7slp.tv\/2026\/wp-json\/wp\/v2\/comments?post=194845"}],"version-history":[{"count":2,"href":"https:\/\/canal7slp.tv\/2026\/wp-json\/wp\/v2\/posts\/194845\/revisions"}],"predecessor-version":[{"id":194861,"href":"https:\/\/canal7slp.tv\/2026\/wp-json\/wp\/v2\/posts\/194845\/revisions\/194861"}],"wp:featuredmedia":[{"embeddable":true,"href":"https:\/\/canal7slp.tv\/2026\/wp-json\/wp\/v2\/media\/194853"}],"wp:attachment":[{"href":"https:\/\/canal7slp.tv\/2026\/wp-json\/wp\/v2\/media?parent=194845"}],"wp:term":[{"taxonomy":"category","embeddable":true,"href":"https:\/\/canal7slp.tv\/2026\/wp-json\/wp\/v2\/categories?post=194845"},{"taxonomy":"post_tag","embeddable":true,"href":"https:\/\/canal7slp.tv\/2026\/wp-json\/wp\/v2\/tags?post=194845"}],"curies":[{"name":"wp","href":"https:\/\/api.w.org\/{rel}","templated":true}]}}