{"id":194824,"date":"2026-03-04T15:00:36","date_gmt":"2026-03-04T21:00:36","guid":{"rendered":"https:\/\/canal7slp.tv\/2026\/?p=194824"},"modified":"2026-03-04T15:00:36","modified_gmt":"2026-03-04T21:00:36","slug":"gobierno-espanol-rechaza-pacto-con-el-pentagono","status":"publish","type":"post","link":"https:\/\/canal7slp.tv\/2026\/gobierno-espanol-rechaza-pacto-con-el-pentagono\/","title":{"rendered":"Gobierno espa\u00f1ol rechaza pacto con el Pent\u00e1gono"},"content":{"rendered":"<p style=\"text-align: justify;\">Madrid.- El ministro de Asuntos Exteriores de Espa\u00f1a, Jos\u00e9 Manuel Albares, rechaz\u00f3 este mi\u00e9rcoles que el Gobierno espa\u00f1ol haya alcanzado alg\u00fan acuerdo de cooperaci\u00f3n con el Ej\u00e9rcito de Estados Unidos para realizar operaciones militares, en respuesta a declaraciones de la portavoz de la Casa Blanca, Karoline Leavitt.<\/p>\n<p style=\"text-align: justify;\">\u201cLo desmiento tajantemente. La posici\u00f3n del Gobierno de Espa\u00f1a sobre la guerra en Oriente Medio, los bombardeos en Ir\u00e1n y el uso de nuestras bases no ha cambiado ni una coma\u201d, afirm\u00f3 Albares durante una entrevista radiof\u00f3nica citada por la agencia EFE.<\/p>\n<p style=\"text-align: justify;\">Las declaraciones del canciller espa\u00f1ol se producen luego de que Leavitt asegurara, durante una rueda de prensa, que Espa\u00f1a hab\u00eda \u201cacordado cooperar con el Ej\u00e9rcito estadounidense\u201d. Seg\u00fan la portavoz, esto habr\u00eda ocurrido despu\u00e9s de que el presidente Donald Trump amenazara con imponer un embargo comercial ante la negativa de Madrid a permitir el uso de sus bases militares para operaciones contra Ir\u00e1n.<\/p>\n<p style=\"text-align: justify;\">Albares manifest\u00f3 sorpresa ante esas afirmaciones y asegur\u00f3 desconocer su origen.<\/p>\n<p style=\"text-align: justify;\">\u201cNo tengo la menor idea a qu\u00e9 se puede referir o de d\u00f3nde puede venir eso\u201d, declar\u00f3, al reiterar que la postura de Espa\u00f1a \u201cno ha cambiado en absoluto\u201d y contin\u00faa siendo \u201cabsolutamente invariable\u201d.<\/p>\n<p style=\"text-align: justify;\">El ministro tambi\u00e9n subray\u00f3 que no tiene \u201cninguna gana\u201d ni \u201ccasi tiempo\u201d para especular sobre las declaraciones de la portavoz estadounidense. Asimismo, reiter\u00f3 el firme \u201cNo a la guerra\u201d defendido por el presidente del Gobierno espa\u00f1ol, Pedro S\u00e1nchez, en una reciente declaraci\u00f3n institucional.<\/p>\n<p style=\"text-align: justify;\">De acuerdo con Albares, esta postura ha sido respaldada por diversos l\u00edderes europeos, que comparten la preocupaci\u00f3n por una posible escalada del conflicto en Oriente Medio.<\/p>\n","protected":false},"excerpt":{"rendered":"<p>Madrid.- El ministro de Asuntos Exteriores de Espa\u00f1a, Jos\u00e9 Manuel Albares, rechaz\u00f3 este mi\u00e9rcoles que el Gobierno espa\u00f1ol haya alcanzado alg\u00fan acuerdo de cooperaci\u00f3n con el Ej\u00e9rcito de Estados Unidos para realizar operaciones militares, en respuesta a declaraciones de la portavoz de la Casa Blanca, Karoline Leavitt. \u201cLo desmiento tajantemente. La posici\u00f3n del Gobierno de Espa\u00f1a sobre la guerra en Oriente Medio, los bombardeos en Ir\u00e1n y el uso de nuestras bases no ha cambiado ni una coma\u201d, afirm\u00f3 Albares durante una entrevista radiof\u00f3nica citada por la agencia EFE. Las declaraciones del canciller espa\u00f1ol se producen luego de que Leavitt [&hellip;]<\/p>\n","protected":false},"author":2,"featured_media":194825,"comment_status":"closed","ping_status":"closed","sticky":false,"template":"","format":"standard","meta":{"_monsterinsights_skip_tracking":false,"_monsterinsights_sitenote_active":false,"_monsterinsights_sitenote_note":"","_monsterinsights_sitenote_category":0,"footnotes":""},"categories":[44],"tags":[],"class_list":["post-194824","post","type-post","status-publish","format-standard","has-post-thumbnail","hentry","category-internacional","post--single"],"_links":{"self":[{"href":"https:\/\/canal7slp.tv\/2026\/wp-json\/wp\/v2\/posts\/194824","targetHints":{"allow":["GET"]}}],"collection":[{"href":"https:\/\/canal7slp.tv\/2026\/wp-json\/wp\/v2\/posts"}],"about":[{"href":"https:\/\/canal7slp.tv\/2026\/wp-json\/wp\/v2\/types\/post"}],"author":[{"embeddable":true,"href":"https:\/\/canal7slp.tv\/2026\/wp-json\/wp\/v2\/users\/2"}],"replies":[{"embeddable":true,"href":"https:\/\/canal7slp.tv\/2026\/wp-json\/wp\/v2\/comments?post=194824"}],"version-history":[{"count":1,"href":"https:\/\/canal7slp.tv\/2026\/wp-json\/wp\/v2\/posts\/194824\/revisions"}],"predecessor-version":[{"id":194826,"href":"https:\/\/canal7slp.tv\/2026\/wp-json\/wp\/v2\/posts\/194824\/revisions\/194826"}],"wp:featuredmedia":[{"embeddable":true,"href":"https:\/\/canal7slp.tv\/2026\/wp-json\/wp\/v2\/media\/194825"}],"wp:attachment":[{"href":"https:\/\/canal7slp.tv\/2026\/wp-json\/wp\/v2\/media?parent=194824"}],"wp:term":[{"taxonomy":"category","embeddable":true,"href":"https:\/\/canal7slp.tv\/2026\/wp-json\/wp\/v2\/categories?post=194824"},{"taxonomy":"post_tag","embeddable":true,"href":"https:\/\/canal7slp.tv\/2026\/wp-json\/wp\/v2\/tags?post=194824"}],"curies":[{"name":"wp","href":"https:\/\/api.w.org\/{rel}","templated":true}]}}