{"id":194815,"date":"2026-03-04T14:41:53","date_gmt":"2026-03-04T20:41:53","guid":{"rendered":"https:\/\/canal7slp.tv\/2026\/?p=194815"},"modified":"2026-03-04T14:41:53","modified_gmt":"2026-03-04T20:41:53","slug":"miguel-torruco-garza-asume-como-subsecretario-de-prevencion-de-las-violencias-en-sspc","status":"publish","type":"post","link":"https:\/\/canal7slp.tv\/2026\/miguel-torruco-garza-asume-como-subsecretario-de-prevencion-de-las-violencias-en-sspc\/","title":{"rendered":"Miguel Torruco Garza asume como subsecretario de prevenci\u00f3n de las violencias en SSPC"},"content":{"rendered":"<p style=\"text-align: justify;\">M\u00e9xico.- El 3 de marzo de 2026, Miguel Torruco Garza se incorpor\u00f3 a la Secretar\u00eda de Seguridad y Protecci\u00f3n Ciudadana (SSPC) como subsecretario de Prevenci\u00f3n de las Violencias, cargo que desempe\u00f1ar\u00e1 bajo la direcci\u00f3n del titular de la dependencia, Omar Garc\u00eda Harfuch.<\/p>\n<p style=\"text-align: justify;\">Su nombramiento busca fortalecer las estrategias de prevenci\u00f3n de la violencia desde sus causas, mediante pol\u00edticas p\u00fablicas integrales, coordinadas y con un enfoque territorial orientado a la construcci\u00f3n de paz en las comunidades.<\/p>\n<p style=\"text-align: justify;\">Durante su primera conferencia, Torruco Garza present\u00f3 el programa \u201cM\u00e9xico Imparable\u201d, que contempla la construcci\u00f3n de 100 Centros Comunitarios en distintas regiones del pa\u00eds, priorizando zonas consideradas estrat\u00e9gicas para la paz.<\/p>\n<p style=\"text-align: justify;\">Estos espacios estar\u00e1n dirigidos principalmente a j\u00f3venes y ofrecer\u00e1n actividades relacionadas con:<\/p>\n<ul>\n<li style=\"text-align: justify;\">Deporte<\/li>\n<li style=\"text-align: justify;\">Cultura<\/li>\n<li style=\"text-align: justify;\">Atenci\u00f3n a la salud mental<\/li>\n<\/ul>\n<p style=\"text-align: justify;\">El objetivo es prevenir la violencia y contribuir a la reconstrucci\u00f3n del tejido social.<\/p>\n<p style=\"text-align: justify;\">La Subsecretar\u00eda de Prevenci\u00f3n de las Violencias impulsar\u00e1 acciones comunitarias y territoriales, promoviendo la coordinaci\u00f3n interinstitucional y el fortalecimiento de valores como:<\/p>\n<ul>\n<li style=\"text-align: justify;\">Civismo<\/li>\n<li style=\"text-align: justify;\">Educaci\u00f3n<\/li>\n<li style=\"text-align: justify;\">Deporte<\/li>\n<li style=\"text-align: justify;\">Participaci\u00f3n social<\/li>\n<\/ul>\n<p style=\"text-align: justify;\">Torruco Garza subray\u00f3 que la prevenci\u00f3n debe iniciar con la atenci\u00f3n a las causas estructurales de la violencia, generando oportunidades reales para las juventudes a trav\u00e9s de la educaci\u00f3n y el deporte.<\/p>\n<p style=\"text-align: justify;\">Miguel Torruco Garza es doctor y maestro en Administraci\u00f3n P\u00fablica por el Instituto Nacional de Administraci\u00f3n P\u00fablica (INAP) y licenciado en Mercadotecnia por la Universidad Iberoamericana.<\/p>\n<p style=\"text-align: justify;\">Tambi\u00e9n ha cursado estudios en estrategias digitales y comunicaci\u00f3n en instituciones como:<\/p>\n<ul>\n<li style=\"text-align: justify;\">Universidad de Harvard<\/li>\n<li style=\"text-align: justify;\">Universidad de Nueva York (NYU)<\/li>\n<\/ul>\n<p style=\"text-align: justify;\">Adem\u00e1s, domina espa\u00f1ol, ingl\u00e9s e italiano.<\/p>\n<p style=\"text-align: justify;\">En su trayectoria pol\u00edtica, fue diputado federal en la LXV Legislatura, donde present\u00f3 m\u00e1s de 50 iniciativas, entre ellas propuestas para el regreso de los trenes de pasajeros y el endurecimiento de sanciones contra la extorsi\u00f3n.<\/p>\n<p style=\"text-align: justify;\">Asimismo, presidi\u00f3 el Grupo Interparlamentario M\u00e9xico\u2013Estados Unidos, centrado en temas de seguridad y cooperaci\u00f3n bilateral.<\/p>\n<p style=\"text-align: justify;\">Con esta designaci\u00f3n, el Gobierno de M\u00e9xico busca reforzar una estrategia de seguridad basada en la prevenci\u00f3n social, orientada a atender las causas estructurales de la violencia mediante pol\u00edticas p\u00fablicas evaluables y acciones directas en los territorios.<\/p>\n<p style=\"text-align: justify;\">\n<p style=\"text-align: justify;\">\n","protected":false},"excerpt":{"rendered":"<p>M\u00e9xico.- El 3 de marzo de 2026, Miguel Torruco Garza se incorpor\u00f3 a la Secretar\u00eda de Seguridad y Protecci\u00f3n Ciudadana (SSPC) como subsecretario de Prevenci\u00f3n de las Violencias, cargo que desempe\u00f1ar\u00e1 bajo la direcci\u00f3n del titular de la dependencia, Omar Garc\u00eda Harfuch. Su nombramiento busca fortalecer las estrategias de prevenci\u00f3n de la violencia desde sus causas, mediante pol\u00edticas p\u00fablicas integrales, coordinadas y con un enfoque territorial orientado a la construcci\u00f3n de paz en las comunidades. Durante su primera conferencia, Torruco Garza present\u00f3 el programa \u201cM\u00e9xico Imparable\u201d, que contempla la construcci\u00f3n de 100 Centros Comunitarios en distintas regiones del pa\u00eds, priorizando [&hellip;]<\/p>\n","protected":false},"author":2,"featured_media":194816,"comment_status":"closed","ping_status":"closed","sticky":false,"template":"","format":"standard","meta":{"_monsterinsights_skip_tracking":false,"_monsterinsights_sitenote_active":false,"_monsterinsights_sitenote_note":"","_monsterinsights_sitenote_category":0,"footnotes":""},"categories":[46],"tags":[],"class_list":["post-194815","post","type-post","status-publish","format-standard","has-post-thumbnail","hentry","category-nacional","post--single"],"_links":{"self":[{"href":"https:\/\/canal7slp.tv\/2026\/wp-json\/wp\/v2\/posts\/194815","targetHints":{"allow":["GET"]}}],"collection":[{"href":"https:\/\/canal7slp.tv\/2026\/wp-json\/wp\/v2\/posts"}],"about":[{"href":"https:\/\/canal7slp.tv\/2026\/wp-json\/wp\/v2\/types\/post"}],"author":[{"embeddable":true,"href":"https:\/\/canal7slp.tv\/2026\/wp-json\/wp\/v2\/users\/2"}],"replies":[{"embeddable":true,"href":"https:\/\/canal7slp.tv\/2026\/wp-json\/wp\/v2\/comments?post=194815"}],"version-history":[{"count":1,"href":"https:\/\/canal7slp.tv\/2026\/wp-json\/wp\/v2\/posts\/194815\/revisions"}],"predecessor-version":[{"id":194817,"href":"https:\/\/canal7slp.tv\/2026\/wp-json\/wp\/v2\/posts\/194815\/revisions\/194817"}],"wp:featuredmedia":[{"embeddable":true,"href":"https:\/\/canal7slp.tv\/2026\/wp-json\/wp\/v2\/media\/194816"}],"wp:attachment":[{"href":"https:\/\/canal7slp.tv\/2026\/wp-json\/wp\/v2\/media?parent=194815"}],"wp:term":[{"taxonomy":"category","embeddable":true,"href":"https:\/\/canal7slp.tv\/2026\/wp-json\/wp\/v2\/categories?post=194815"},{"taxonomy":"post_tag","embeddable":true,"href":"https:\/\/canal7slp.tv\/2026\/wp-json\/wp\/v2\/tags?post=194815"}],"curies":[{"name":"wp","href":"https:\/\/api.w.org\/{rel}","templated":true}]}}