{"id":194812,"date":"2026-03-04T14:33:44","date_gmt":"2026-03-04T20:33:44","guid":{"rendered":"https:\/\/canal7slp.tv\/2026\/?p=194812"},"modified":"2026-03-04T14:33:44","modified_gmt":"2026-03-04T20:33:44","slug":"iran-suspende-ceremonia-en-honor-a-ali-jamenei","status":"publish","type":"post","link":"https:\/\/canal7slp.tv\/2026\/iran-suspende-ceremonia-en-honor-a-ali-jamenei\/","title":{"rendered":"Ir\u00e1n suspende ceremonia en honor a Al\u00ed Jamenei"},"content":{"rendered":"<p style=\"text-align: justify;\">Teher\u00e1n.- La ceremonia p\u00fablica programada para la noche de este s\u00e1bado en Teher\u00e1n, en homenaje al fallecido l\u00edder supremo Al\u00ed Jamenei, fue suspendida, inform\u00f3 la televisi\u00f3n estatal iran\u00ed.<\/p>\n<p style=\"text-align: justify;\">El evento hab\u00eda sido anunciado previamente, pero las autoridades se\u00f1alaron que la organizaci\u00f3n del acto a\u00fan no estaba completamente definida, por lo que en los pr\u00f3ximos d\u00edas se dar\u00e1 a conocer una nueva fecha y hora para la ceremonia f\u00fanebre.<\/p>\n<p style=\"text-align: justify;\">La Agencia Tasnim de Noticias, vinculada con la Guardia Revolucionaria, tambi\u00e9n confirm\u00f3 la cancelaci\u00f3n del homenaje, que estaba previsto para iniciar a las 22:00 horas (tiempo local) en la mezquita Mosal\u00e1, uno de los principales recintos religiosos de la capital iran\u00ed.<\/p>\n<p style=\"text-align: justify;\">Hasta el momento, no se han dado a conocer las razones oficiales de la suspensi\u00f3n.<\/p>\n<p style=\"text-align: justify;\">Al\u00ed Jamenei falleci\u00f3 el s\u00e1bado tras ataques a\u00e9reos atribuidos a Israel y Estados Unidos en el centro de Teher\u00e1n, un hecho que habr\u00eda marcado el inicio de una escalada b\u00e9lica en la regi\u00f3n.<\/p>\n<p style=\"text-align: justify;\">De acuerdo con reportes de medios iran\u00edes, la Asamblea de Expertos, integrada por 88 cl\u00e9rigos, podr\u00eda reunirse la pr\u00f3xima semana para designar al nuevo l\u00edder supremo de Ir\u00e1n.<\/p>\n<p style=\"text-align: justify;\">Mientras se concreta la sucesi\u00f3n, un consejo de liderazgo provisional asumir\u00e1 las funciones correspondientes. Este \u00f3rgano est\u00e1 integrado por:<\/p>\n<ul>\n<li style=\"text-align: justify;\">El presidente de Ir\u00e1n, Masud Pezeshkian<\/li>\n<li style=\"text-align: justify;\">El jefe del Poder Judicial, Golamhosein Mohseni Ejei<\/li>\n<li style=\"text-align: justify;\">El ayatol\u00e1 Alireza Arafi, miembro del Consejo de Guardianes<\/li>\n<\/ul>\n<p style=\"text-align: justify;\">Este consejo ejercer\u00e1 de manera temporal hasta que se nombre oficialmente al sucesor del l\u00edder supremo.<\/p>\n","protected":false},"excerpt":{"rendered":"<p>Teher\u00e1n.- La ceremonia p\u00fablica programada para la noche de este s\u00e1bado en Teher\u00e1n, en homenaje al fallecido l\u00edder supremo Al\u00ed Jamenei, fue suspendida, inform\u00f3 la televisi\u00f3n estatal iran\u00ed. El evento hab\u00eda sido anunciado previamente, pero las autoridades se\u00f1alaron que la organizaci\u00f3n del acto a\u00fan no estaba completamente definida, por lo que en los pr\u00f3ximos d\u00edas se dar\u00e1 a conocer una nueva fecha y hora para la ceremonia f\u00fanebre. La Agencia Tasnim de Noticias, vinculada con la Guardia Revolucionaria, tambi\u00e9n confirm\u00f3 la cancelaci\u00f3n del homenaje, que estaba previsto para iniciar a las 22:00 horas (tiempo local) en la mezquita Mosal\u00e1, uno [&hellip;]<\/p>\n","protected":false},"author":2,"featured_media":194813,"comment_status":"closed","ping_status":"closed","sticky":false,"template":"","format":"standard","meta":{"_monsterinsights_skip_tracking":false,"_monsterinsights_sitenote_active":false,"_monsterinsights_sitenote_note":"","_monsterinsights_sitenote_category":0,"footnotes":""},"categories":[44],"tags":[],"class_list":["post-194812","post","type-post","status-publish","format-standard","has-post-thumbnail","hentry","category-internacional","post--single"],"_links":{"self":[{"href":"https:\/\/canal7slp.tv\/2026\/wp-json\/wp\/v2\/posts\/194812","targetHints":{"allow":["GET"]}}],"collection":[{"href":"https:\/\/canal7slp.tv\/2026\/wp-json\/wp\/v2\/posts"}],"about":[{"href":"https:\/\/canal7slp.tv\/2026\/wp-json\/wp\/v2\/types\/post"}],"author":[{"embeddable":true,"href":"https:\/\/canal7slp.tv\/2026\/wp-json\/wp\/v2\/users\/2"}],"replies":[{"embeddable":true,"href":"https:\/\/canal7slp.tv\/2026\/wp-json\/wp\/v2\/comments?post=194812"}],"version-history":[{"count":1,"href":"https:\/\/canal7slp.tv\/2026\/wp-json\/wp\/v2\/posts\/194812\/revisions"}],"predecessor-version":[{"id":194814,"href":"https:\/\/canal7slp.tv\/2026\/wp-json\/wp\/v2\/posts\/194812\/revisions\/194814"}],"wp:featuredmedia":[{"embeddable":true,"href":"https:\/\/canal7slp.tv\/2026\/wp-json\/wp\/v2\/media\/194813"}],"wp:attachment":[{"href":"https:\/\/canal7slp.tv\/2026\/wp-json\/wp\/v2\/media?parent=194812"}],"wp:term":[{"taxonomy":"category","embeddable":true,"href":"https:\/\/canal7slp.tv\/2026\/wp-json\/wp\/v2\/categories?post=194812"},{"taxonomy":"post_tag","embeddable":true,"href":"https:\/\/canal7slp.tv\/2026\/wp-json\/wp\/v2\/tags?post=194812"}],"curies":[{"name":"wp","href":"https:\/\/api.w.org\/{rel}","templated":true}]}}