{"id":194809,"date":"2026-03-04T14:28:18","date_gmt":"2026-03-04T20:28:18","guid":{"rendered":"https:\/\/canal7slp.tv\/2026\/?p=194809"},"modified":"2026-03-04T14:28:18","modified_gmt":"2026-03-04T20:28:18","slug":"mexico-evacua-a-279-connacionales-de-medio-oriente","status":"publish","type":"post","link":"https:\/\/canal7slp.tv\/2026\/mexico-evacua-a-279-connacionales-de-medio-oriente\/","title":{"rendered":"M\u00e9xico evac\u00faa a 279 connacionales de Medio Oriente"},"content":{"rendered":"<p style=\"text-align: justify;\">M\u00e9xico.- La presidenta de M\u00e9xico, Claudia Sheinbaum Pardo, inform\u00f3 que 279 ciudadanos mexicanos han sido evacuados de Israel, Jordania, Emiratos \u00c1rabes Unidos, L\u00edbano y Qatar, en medio de la creciente escalada del conflicto en Medio Oriente.<\/p>\n<p style=\"text-align: justify;\">Durante su conferencia matutina, la mandataria explic\u00f3 que la mayor\u00eda de las evacuaciones se realizaron por v\u00eda terrestre, trasladando a los connacionales hacia Egipto, Jordania y Turqu\u00eda, pa\u00edses que mantienen abierto su espacio a\u00e9reo y han permitido continuar con las operaciones de salida.<\/p>\n<p style=\"text-align: justify;\">Aunque no se detall\u00f3 el estado de salud de los evacuados ni el n\u00famero exacto de mexicanos que permanecen en la zona, la Secretar\u00eda de Relaciones Exteriores (SRE) hab\u00eda informado previamente que m\u00e1s de 170 personas ya hab\u00edan sido evacuadas y que no se reportaban heridos entre los connacionales.<\/p>\n<p style=\"text-align: justify;\">La canciller\u00eda mantiene comunicaci\u00f3n permanente con sus representaciones diplom\u00e1ticas en la regi\u00f3n y ha exhortado a los ciudadanos mexicanos a contactar a las embajadas o consulados en caso de emergencia.<\/p>\n<p style=\"text-align: justify;\">Por su parte, el canciller Juan Ram\u00f3n de la Fuente indic\u00f3 que alrededor de siete mil mexicanos residen en pa\u00edses de Medio Oriente y, hasta ahora, todos se encuentran en buen estado y sin reportes de afectaciones a su integridad, pese a las complicaciones derivadas del cierre de espacios a\u00e9reos en varias naciones de la regi\u00f3n.<\/p>\n<p style=\"text-align: justify;\">La tensi\u00f3n en Medio Oriente se intensific\u00f3 tras ataques a gran escala de Estados Unidos e Israel contra Ir\u00e1n. En respuesta, el gobierno iran\u00ed lanz\u00f3 misiles hacia territorio israel\u00ed y bases militares estadounidenses.<\/p>\n<p style=\"text-align: justify;\">Tras la muerte del l\u00edder supremo iran\u00ed, Al\u00ed Jamenei, as\u00ed como de otros altos mandos militares, Ir\u00e1n ha advertido que habr\u00e1 represalias, mientras contin\u00faan los bombardeos en distintas ciudades de la regi\u00f3n, entre ellas Tel Aviv y Jerusal\u00e9n.<\/p>\n<p style=\"text-align: justify;\">Ante este escenario, el gobierno mexicano mantiene operativos de evacuaci\u00f3n y monitoreo permanente para garantizar la seguridad de sus ciudadanos en la zona.<\/p>\n","protected":false},"excerpt":{"rendered":"<p>M\u00e9xico.- La presidenta de M\u00e9xico, Claudia Sheinbaum Pardo, inform\u00f3 que 279 ciudadanos mexicanos han sido evacuados de Israel, Jordania, Emiratos \u00c1rabes Unidos, L\u00edbano y Qatar, en medio de la creciente escalada del conflicto en Medio Oriente. Durante su conferencia matutina, la mandataria explic\u00f3 que la mayor\u00eda de las evacuaciones se realizaron por v\u00eda terrestre, trasladando a los connacionales hacia Egipto, Jordania y Turqu\u00eda, pa\u00edses que mantienen abierto su espacio a\u00e9reo y han permitido continuar con las operaciones de salida. Aunque no se detall\u00f3 el estado de salud de los evacuados ni el n\u00famero exacto de mexicanos que permanecen en la [&hellip;]<\/p>\n","protected":false},"author":2,"featured_media":194810,"comment_status":"closed","ping_status":"closed","sticky":false,"template":"","format":"standard","meta":{"_monsterinsights_skip_tracking":false,"_monsterinsights_sitenote_active":false,"_monsterinsights_sitenote_note":"","_monsterinsights_sitenote_category":0,"footnotes":""},"categories":[46],"tags":[],"class_list":["post-194809","post","type-post","status-publish","format-standard","has-post-thumbnail","hentry","category-nacional","post--single"],"_links":{"self":[{"href":"https:\/\/canal7slp.tv\/2026\/wp-json\/wp\/v2\/posts\/194809","targetHints":{"allow":["GET"]}}],"collection":[{"href":"https:\/\/canal7slp.tv\/2026\/wp-json\/wp\/v2\/posts"}],"about":[{"href":"https:\/\/canal7slp.tv\/2026\/wp-json\/wp\/v2\/types\/post"}],"author":[{"embeddable":true,"href":"https:\/\/canal7slp.tv\/2026\/wp-json\/wp\/v2\/users\/2"}],"replies":[{"embeddable":true,"href":"https:\/\/canal7slp.tv\/2026\/wp-json\/wp\/v2\/comments?post=194809"}],"version-history":[{"count":1,"href":"https:\/\/canal7slp.tv\/2026\/wp-json\/wp\/v2\/posts\/194809\/revisions"}],"predecessor-version":[{"id":194811,"href":"https:\/\/canal7slp.tv\/2026\/wp-json\/wp\/v2\/posts\/194809\/revisions\/194811"}],"wp:featuredmedia":[{"embeddable":true,"href":"https:\/\/canal7slp.tv\/2026\/wp-json\/wp\/v2\/media\/194810"}],"wp:attachment":[{"href":"https:\/\/canal7slp.tv\/2026\/wp-json\/wp\/v2\/media?parent=194809"}],"wp:term":[{"taxonomy":"category","embeddable":true,"href":"https:\/\/canal7slp.tv\/2026\/wp-json\/wp\/v2\/categories?post=194809"},{"taxonomy":"post_tag","embeddable":true,"href":"https:\/\/canal7slp.tv\/2026\/wp-json\/wp\/v2\/tags?post=194809"}],"curies":[{"name":"wp","href":"https:\/\/api.w.org\/{rel}","templated":true}]}}