{"id":194803,"date":"2026-03-04T14:06:48","date_gmt":"2026-03-04T20:06:48","guid":{"rendered":"https:\/\/canal7slp.tv\/2026\/?p=194803"},"modified":"2026-03-04T14:06:48","modified_gmt":"2026-03-04T20:06:48","slug":"presidencia-niega-presion-de-eua-en-operativo-donde-murio-el-mencho","status":"publish","type":"post","link":"https:\/\/canal7slp.tv\/2026\/presidencia-niega-presion-de-eua-en-operativo-donde-murio-el-mencho\/","title":{"rendered":"Presidencia niega presi\u00f3n de EUA en operativo donde muri\u00f3 \u201cEl Mencho\u201d"},"content":{"rendered":"<p style=\"text-align: justify;\">M\u00e9xico.- La presidenta de M\u00e9xico, Claudia Sheinbaum, afirm\u00f3 el 4 de marzo de 2026 que el operativo militar que culmin\u00f3 con la muerte de Rub\u00e9n Nemesio Oseguera Cervantes, alias \u201cEl Mencho\u201d, el pasado 22 de febrero en Tapalpa, Jalisco, no fue resultado de presiones del Gobierno de Estados Unidos.<\/p>\n<p style=\"text-align: justify;\">Durante una conferencia de prensa, la mandataria explic\u00f3 que el objetivo de la operaci\u00f3n fue cumplir \u00f3rdenes de aprehensi\u00f3n vigentes contra Oseguera Cervantes, identificado como uno de los principales l\u00edderes del C\u00e1rtel Jalisco Nueva Generaci\u00f3n (CJNG).<\/p>\n<p style=\"text-align: justify;\">Sheinbaum se\u00f1al\u00f3 que el despliegue militar ocurri\u00f3 tras agresiones contra elementos de la Secretar\u00eda de la Defensa Nacional, lo que oblig\u00f3 a las fuerzas federales a responder.<\/p>\n<p style=\"text-align: justify;\">Aunque reconoci\u00f3 que se utiliz\u00f3 informaci\u00f3n de inteligencia compartida por Estados Unidos, subray\u00f3 que esto no implica que la operaci\u00f3n se realizara bajo presi\u00f3n externa, sino como parte de los mecanismos de cooperaci\u00f3n entre ambos pa\u00edses en materia de seguridad.<\/p>\n<p style=\"text-align: justify;\">La presidenta tambi\u00e9n indic\u00f3 que el enfrentamiento deriv\u00f3 en la muerte de 25 integrantes de la Guardia Nacional y m\u00e1s de 30 presuntos miembros del CJNG.<\/p>\n<p style=\"text-align: justify;\">Posteriormente, se registr\u00f3 una ola de violencia en diversas regiones, con bloqueos carreteros, veh\u00edculos incendiados y afectaciones a la movilidad y a la actividad econ\u00f3mica, adem\u00e1s de da\u00f1os a establecimientos comerciales.<\/p>\n<p style=\"text-align: justify;\">Ante este contexto, Sheinbaum anunci\u00f3 que visitar\u00e1 Guadalajara el pr\u00f3ximo 6 de marzo, donde presentar\u00e1 un informe sobre la situaci\u00f3n de seguridad, en medio de las repercusiones del operativo y de las investigaciones en curso sobre los hechos.<\/p>\n","protected":false},"excerpt":{"rendered":"<p>M\u00e9xico.- La presidenta de M\u00e9xico, Claudia Sheinbaum, afirm\u00f3 el 4 de marzo de 2026 que el operativo militar que culmin\u00f3 con la muerte de Rub\u00e9n Nemesio Oseguera Cervantes, alias \u201cEl Mencho\u201d, el pasado 22 de febrero en Tapalpa, Jalisco, no fue resultado de presiones del Gobierno de Estados Unidos. Durante una conferencia de prensa, la mandataria explic\u00f3 que el objetivo de la operaci\u00f3n fue cumplir \u00f3rdenes de aprehensi\u00f3n vigentes contra Oseguera Cervantes, identificado como uno de los principales l\u00edderes del C\u00e1rtel Jalisco Nueva Generaci\u00f3n (CJNG). Sheinbaum se\u00f1al\u00f3 que el despliegue militar ocurri\u00f3 tras agresiones contra elementos de la Secretar\u00eda de [&hellip;]<\/p>\n","protected":false},"author":2,"featured_media":194804,"comment_status":"closed","ping_status":"closed","sticky":false,"template":"","format":"standard","meta":{"_monsterinsights_skip_tracking":false,"_monsterinsights_sitenote_active":false,"_monsterinsights_sitenote_note":"","_monsterinsights_sitenote_category":0,"footnotes":""},"categories":[46],"tags":[],"class_list":["post-194803","post","type-post","status-publish","format-standard","has-post-thumbnail","hentry","category-nacional","post--single"],"_links":{"self":[{"href":"https:\/\/canal7slp.tv\/2026\/wp-json\/wp\/v2\/posts\/194803","targetHints":{"allow":["GET"]}}],"collection":[{"href":"https:\/\/canal7slp.tv\/2026\/wp-json\/wp\/v2\/posts"}],"about":[{"href":"https:\/\/canal7slp.tv\/2026\/wp-json\/wp\/v2\/types\/post"}],"author":[{"embeddable":true,"href":"https:\/\/canal7slp.tv\/2026\/wp-json\/wp\/v2\/users\/2"}],"replies":[{"embeddable":true,"href":"https:\/\/canal7slp.tv\/2026\/wp-json\/wp\/v2\/comments?post=194803"}],"version-history":[{"count":1,"href":"https:\/\/canal7slp.tv\/2026\/wp-json\/wp\/v2\/posts\/194803\/revisions"}],"predecessor-version":[{"id":194805,"href":"https:\/\/canal7slp.tv\/2026\/wp-json\/wp\/v2\/posts\/194803\/revisions\/194805"}],"wp:featuredmedia":[{"embeddable":true,"href":"https:\/\/canal7slp.tv\/2026\/wp-json\/wp\/v2\/media\/194804"}],"wp:attachment":[{"href":"https:\/\/canal7slp.tv\/2026\/wp-json\/wp\/v2\/media?parent=194803"}],"wp:term":[{"taxonomy":"category","embeddable":true,"href":"https:\/\/canal7slp.tv\/2026\/wp-json\/wp\/v2\/categories?post=194803"},{"taxonomy":"post_tag","embeddable":true,"href":"https:\/\/canal7slp.tv\/2026\/wp-json\/wp\/v2\/tags?post=194803"}],"curies":[{"name":"wp","href":"https:\/\/api.w.org\/{rel}","templated":true}]}}