{"id":194761,"date":"2026-03-03T18:36:24","date_gmt":"2026-03-04T00:36:24","guid":{"rendered":"https:\/\/canal7slp.tv\/2026\/?p=194761"},"modified":"2026-03-03T18:36:24","modified_gmt":"2026-03-04T00:36:24","slug":"por-falta-de-recursos-atorado-plan-maestro-de-movilidad-en-el-centro-historico","status":"publish","type":"post","link":"https:\/\/canal7slp.tv\/2026\/por-falta-de-recursos-atorado-plan-maestro-de-movilidad-en-el-centro-historico\/","title":{"rendered":"Por falta de recursos atorado Plan Maestro de Movilidad en el Centro Hist\u00f3rico"},"content":{"rendered":"<p style=\"text-align: justify;\"><span style=\"font-size: 1.21429rem;\">SLP.- Ernesto Flores Navarro, director del Instituto Municipal de Planeaci\u00f3n, afirm\u00f3 que est\u00e1 por publicarse el Plan Maestro para la movilidad del centro hist\u00f3rico y que incluye entre otros proyectos, la expans\u00edon de ciclov\u00edas en la zona metropolitana.<\/span><\/p>\n<p style=\"text-align: justify;\">Sin embargo, el funcionario reconoci\u00f3 que la falta de recursos ha retrasado su puesta en marcha al decir que es un plan ambicioso, pero que requiere de recursos extraordinarios.<\/p>\n<p style=\"text-align: justify;\">Respecto a la ciclov\u00eda de la avenida Venustiano Carranza el director del Implan la calific\u00f3 como el tramo m\u00e1s politizado de los 131 kilometros contemplados en esta red ciclista para la zona metropolitana.<\/p>\n<p style=\"text-align: justify;\">Afirm\u00f3 que la disminuci\u00f3n de las ventas de los establecimientos ubicados en este tramo no es atribu\u00edble \u00fanicamente a la implementaci\u00f3n de la ciclov\u00eda en esta zona.<\/p>\n<p>Por: Claudio Ibarra<\/p>\n","protected":false},"excerpt":{"rendered":"<p>SLP.- Ernesto Flores Navarro, director del Instituto Municipal de Planeaci\u00f3n, afirm\u00f3 que est\u00e1 por publicarse el Plan Maestro para la movilidad del centro hist\u00f3rico y que incluye entre otros proyectos, la expans\u00edon de ciclov\u00edas en la zona metropolitana. Sin embargo, el funcionario reconoci\u00f3 que la falta de recursos ha retrasado su puesta en marcha al decir que es un plan ambicioso, pero que requiere de recursos extraordinarios. Respecto a la ciclov\u00eda de la avenida Venustiano Carranza el director del Implan la calific\u00f3 como el tramo m\u00e1s politizado de los 131 kilometros contemplados en esta red ciclista para la zona metropolitana. [&hellip;]<\/p>\n","protected":false},"author":2,"featured_media":194784,"comment_status":"closed","ping_status":"closed","sticky":false,"template":"","format":"video","meta":{"_monsterinsights_skip_tracking":false,"_monsterinsights_sitenote_active":false,"_monsterinsights_sitenote_note":"","_monsterinsights_sitenote_category":0,"footnotes":""},"categories":[66,5,45],"tags":[],"class_list":["post-194761","post","type-post","status-publish","format-video","has-post-thumbnail","hentry","category-ayoslp","category-destacadas","category-localesyregionales","post_format-post-format-video","post--single"],"_links":{"self":[{"href":"https:\/\/canal7slp.tv\/2026\/wp-json\/wp\/v2\/posts\/194761","targetHints":{"allow":["GET"]}}],"collection":[{"href":"https:\/\/canal7slp.tv\/2026\/wp-json\/wp\/v2\/posts"}],"about":[{"href":"https:\/\/canal7slp.tv\/2026\/wp-json\/wp\/v2\/types\/post"}],"author":[{"embeddable":true,"href":"https:\/\/canal7slp.tv\/2026\/wp-json\/wp\/v2\/users\/2"}],"replies":[{"embeddable":true,"href":"https:\/\/canal7slp.tv\/2026\/wp-json\/wp\/v2\/comments?post=194761"}],"version-history":[{"count":2,"href":"https:\/\/canal7slp.tv\/2026\/wp-json\/wp\/v2\/posts\/194761\/revisions"}],"predecessor-version":[{"id":194785,"href":"https:\/\/canal7slp.tv\/2026\/wp-json\/wp\/v2\/posts\/194761\/revisions\/194785"}],"wp:featuredmedia":[{"embeddable":true,"href":"https:\/\/canal7slp.tv\/2026\/wp-json\/wp\/v2\/media\/194784"}],"wp:attachment":[{"href":"https:\/\/canal7slp.tv\/2026\/wp-json\/wp\/v2\/media?parent=194761"}],"wp:term":[{"taxonomy":"category","embeddable":true,"href":"https:\/\/canal7slp.tv\/2026\/wp-json\/wp\/v2\/categories?post=194761"},{"taxonomy":"post_tag","embeddable":true,"href":"https:\/\/canal7slp.tv\/2026\/wp-json\/wp\/v2\/tags?post=194761"}],"curies":[{"name":"wp","href":"https:\/\/api.w.org\/{rel}","templated":true}]}}