{"id":194760,"date":"2026-03-03T18:31:25","date_gmt":"2026-03-04T00:31:25","guid":{"rendered":"https:\/\/canal7slp.tv\/2026\/?p=194760"},"modified":"2026-03-03T18:31:25","modified_gmt":"2026-03-04T00:31:25","slug":"en-el-tema-de-las-coaliciones-siguen-las-mesas-de-dialogo-entre-morena-y-el-partido-verde","status":"publish","type":"post","link":"https:\/\/canal7slp.tv\/2026\/en-el-tema-de-las-coaliciones-siguen-las-mesas-de-dialogo-entre-morena-y-el-partido-verde\/","title":{"rendered":"En el tema de las coaliciones siguen las mesas de di\u00e1logo entre Morena y el Partido Verde"},"content":{"rendered":"<p style=\"text-align: justify;\"><span style=\"font-size: 1.21429rem;\">SLP.- El dirigente estatal del Partido Verde Ecologista, Ignacio Segura Morquecho, dio a conocer que contin\u00faan las mesas de di\u00e1logo con MORENA a nivel nacional, para definir los t\u00e9rminos de la coalici\u00f3n y la distribuci\u00f3n de candidaturas, particularmente, dijo, en que lo se refiere a las diputaciones federales.<\/span><\/p>\n<p style=\"text-align: justify;\">Sin embargo, aclar\u00f3 que la continuidad de la alianza depender\u00e1 de los acuerdos que se logren entre las dirigencias nacionales, pero tambi\u00e9n de lo que se apruebe en la reforma electoral.<\/p>\n<p style=\"text-align: justify;\">Y sobre la reforma electoral el dirigente estatal del Verde coment\u00f3 que est\u00e1n a la espera de que MORENA recapacite algunos alcances de esta iniciativa.<\/p>\n<p style=\"text-align: justify;\">Y es que afirm\u00f3 que aunque su partido ha impulsado las reformas del partido en el poder consider\u00f3 necesario analizar a fondo, los efectos de la propuesta electoral antes de su aprobaci\u00f3n.<\/p>\n<p>Por: Claudio Ibarra<\/p>\n","protected":false},"excerpt":{"rendered":"<p>SLP.- El dirigente estatal del Partido Verde Ecologista, Ignacio Segura Morquecho, dio a conocer que contin\u00faan las mesas de di\u00e1logo con MORENA a nivel nacional, para definir los t\u00e9rminos de la coalici\u00f3n y la distribuci\u00f3n de candidaturas, particularmente, dijo, en que lo se refiere a las diputaciones federales. Sin embargo, aclar\u00f3 que la continuidad de la alianza depender\u00e1 de los acuerdos que se logren entre las dirigencias nacionales, pero tambi\u00e9n de lo que se apruebe en la reforma electoral. Y sobre la reforma electoral el dirigente estatal del Verde coment\u00f3 que est\u00e1n a la espera de que MORENA recapacite algunos [&hellip;]<\/p>\n","protected":false},"author":2,"featured_media":194781,"comment_status":"closed","ping_status":"closed","sticky":false,"template":"","format":"video","meta":{"_monsterinsights_skip_tracking":false,"_monsterinsights_sitenote_active":false,"_monsterinsights_sitenote_note":"","_monsterinsights_sitenote_category":0,"footnotes":""},"categories":[5,45],"tags":[],"class_list":["post-194760","post","type-post","status-publish","format-video","has-post-thumbnail","hentry","category-destacadas","category-localesyregionales","post_format-post-format-video","post--single"],"_links":{"self":[{"href":"https:\/\/canal7slp.tv\/2026\/wp-json\/wp\/v2\/posts\/194760","targetHints":{"allow":["GET"]}}],"collection":[{"href":"https:\/\/canal7slp.tv\/2026\/wp-json\/wp\/v2\/posts"}],"about":[{"href":"https:\/\/canal7slp.tv\/2026\/wp-json\/wp\/v2\/types\/post"}],"author":[{"embeddable":true,"href":"https:\/\/canal7slp.tv\/2026\/wp-json\/wp\/v2\/users\/2"}],"replies":[{"embeddable":true,"href":"https:\/\/canal7slp.tv\/2026\/wp-json\/wp\/v2\/comments?post=194760"}],"version-history":[{"count":2,"href":"https:\/\/canal7slp.tv\/2026\/wp-json\/wp\/v2\/posts\/194760\/revisions"}],"predecessor-version":[{"id":194782,"href":"https:\/\/canal7slp.tv\/2026\/wp-json\/wp\/v2\/posts\/194760\/revisions\/194782"}],"wp:featuredmedia":[{"embeddable":true,"href":"https:\/\/canal7slp.tv\/2026\/wp-json\/wp\/v2\/media\/194781"}],"wp:attachment":[{"href":"https:\/\/canal7slp.tv\/2026\/wp-json\/wp\/v2\/media?parent=194760"}],"wp:term":[{"taxonomy":"category","embeddable":true,"href":"https:\/\/canal7slp.tv\/2026\/wp-json\/wp\/v2\/categories?post=194760"},{"taxonomy":"post_tag","embeddable":true,"href":"https:\/\/canal7slp.tv\/2026\/wp-json\/wp\/v2\/tags?post=194760"}],"curies":[{"name":"wp","href":"https:\/\/api.w.org\/{rel}","templated":true}]}}