{"id":194759,"date":"2026-03-03T18:05:10","date_gmt":"2026-03-04T00:05:10","guid":{"rendered":"https:\/\/canal7slp.tv\/2026\/?p=194759"},"modified":"2026-03-03T18:05:10","modified_gmt":"2026-03-04T00:05:10","slug":"reforma-electoral-requiere-un-analisis-de-fondo-considera-el-exgobernador-fernando-silva-nieto","status":"publish","type":"post","link":"https:\/\/canal7slp.tv\/2026\/reforma-electoral-requiere-un-analisis-de-fondo-considera-el-exgobernador-fernando-silva-nieto\/","title":{"rendered":"Reforma Electoral requiere un an\u00e1lisis de fondo considera el exgobernador Fernando Silva Nieto"},"content":{"rendered":"<p style=\"text-align: justify;\"><span style=\"font-size: 1.21429rem;\">SLP.- Al opinar sobre el tema de la reforma electoral el exgobernador del estado Fernando Silva Nieto coment\u00f3 que toda reforma de este tipo, debe ser siempre que beneficie directamente a los ciudadanos pero tambi\u00e9n, que fortalezca a la democracia.<\/span><\/p>\n<p style=\"text-align: justify;\">En este sentido, dijo tambi\u00e9n que toda iniciativa que ayude a moldear el sistema pol\u00edtico debe tener una buena intenci\u00f3n, \u201cy que busque siempre el desarrollo del estado\u201d.<\/p>\n<p style=\"text-align: justify;\">Quien fuera gobernador de San Luis Potos\u00ed en el periodo 1997-2003 dijo a pregunta expresa que desde que dej\u00f3 el cargo, ha visto un desarrollo sostenible en la entidad potosina.<\/p>\n<p style=\"text-align: justify;\">Al retomar el tema de la reforma electoral Silva Nieto consider\u00f3 que en lo referente al financiamiento p\u00fablico a los partidos pol\u00edticos, se debe de hacer un an\u00e1lisis m\u00e1s a fondo en este rubro.<\/p>\n<p>Por: Claudio Ibarra<\/p>\n","protected":false},"excerpt":{"rendered":"<p>SLP.- Al opinar sobre el tema de la reforma electoral el exgobernador del estado Fernando Silva Nieto coment\u00f3 que toda reforma de este tipo, debe ser siempre que beneficie directamente a los ciudadanos pero tambi\u00e9n, que fortalezca a la democracia. En este sentido, dijo tambi\u00e9n que toda iniciativa que ayude a moldear el sistema pol\u00edtico debe tener una buena intenci\u00f3n, \u201cy que busque siempre el desarrollo del estado\u201d. Quien fuera gobernador de San Luis Potos\u00ed en el periodo 1997-2003 dijo a pregunta expresa que desde que dej\u00f3 el cargo, ha visto un desarrollo sostenible en la entidad potosina. Al retomar [&hellip;]<\/p>\n","protected":false},"author":2,"featured_media":194778,"comment_status":"closed","ping_status":"closed","sticky":false,"template":"","format":"video","meta":{"_monsterinsights_skip_tracking":false,"_monsterinsights_sitenote_active":false,"_monsterinsights_sitenote_note":"","_monsterinsights_sitenote_category":0,"footnotes":""},"categories":[5,45],"tags":[],"class_list":["post-194759","post","type-post","status-publish","format-video","has-post-thumbnail","hentry","category-destacadas","category-localesyregionales","post_format-post-format-video","post--single"],"_links":{"self":[{"href":"https:\/\/canal7slp.tv\/2026\/wp-json\/wp\/v2\/posts\/194759","targetHints":{"allow":["GET"]}}],"collection":[{"href":"https:\/\/canal7slp.tv\/2026\/wp-json\/wp\/v2\/posts"}],"about":[{"href":"https:\/\/canal7slp.tv\/2026\/wp-json\/wp\/v2\/types\/post"}],"author":[{"embeddable":true,"href":"https:\/\/canal7slp.tv\/2026\/wp-json\/wp\/v2\/users\/2"}],"replies":[{"embeddable":true,"href":"https:\/\/canal7slp.tv\/2026\/wp-json\/wp\/v2\/comments?post=194759"}],"version-history":[{"count":2,"href":"https:\/\/canal7slp.tv\/2026\/wp-json\/wp\/v2\/posts\/194759\/revisions"}],"predecessor-version":[{"id":194779,"href":"https:\/\/canal7slp.tv\/2026\/wp-json\/wp\/v2\/posts\/194759\/revisions\/194779"}],"wp:featuredmedia":[{"embeddable":true,"href":"https:\/\/canal7slp.tv\/2026\/wp-json\/wp\/v2\/media\/194778"}],"wp:attachment":[{"href":"https:\/\/canal7slp.tv\/2026\/wp-json\/wp\/v2\/media?parent=194759"}],"wp:term":[{"taxonomy":"category","embeddable":true,"href":"https:\/\/canal7slp.tv\/2026\/wp-json\/wp\/v2\/categories?post=194759"},{"taxonomy":"post_tag","embeddable":true,"href":"https:\/\/canal7slp.tv\/2026\/wp-json\/wp\/v2\/tags?post=194759"}],"curies":[{"name":"wp","href":"https:\/\/api.w.org\/{rel}","templated":true}]}}