{"id":194758,"date":"2026-03-03T17:56:49","date_gmt":"2026-03-03T23:56:49","guid":{"rendered":"https:\/\/canal7slp.tv\/2026\/?p=194758"},"modified":"2026-03-03T17:56:49","modified_gmt":"2026-03-03T23:56:49","slug":"realizan-misa-de-cuerpo-presente-en-memoria-de-la-senora-rosa-maria-garcia-de-valladares","status":"publish","type":"post","link":"https:\/\/canal7slp.tv\/2026\/realizan-misa-de-cuerpo-presente-en-memoria-de-la-senora-rosa-maria-garcia-de-valladares\/","title":{"rendered":"Realizan Misa de Cuerpo Presente en memoria de la se\u00f1ora Rosa Mar\u00eda Garc\u00eda de Valladares"},"content":{"rendered":"<p style=\"text-align: justify;\"><span style=\"font-size: 1.21429rem;\">SLP.- Luego de su lamentable fallecimiento se llev\u00f3 a cabo la misa de cuerpo presente en memoria de la se\u00f1ora Rosa Mar\u00eda Garc\u00eda de Valladares, efectuada en la Parroquia de la Sagrada Familia.<\/span><\/p>\n<p style=\"text-align: justify;\">La familia Garc\u00eda Valladares se vio acompa\u00f1ada en estos momentos dif\u00edciles por familiares y amigos que hicieron patente sus muestras de solidaridad.<\/p>\n<p style=\"text-align: justify;\">Familiares, amistades y distintos sectores de la sociedad expresaron su pesar por esta irreparable p\u00e9rdida al coincidir que su legado permanecer\u00e1 en la memoria de San Luis Potos\u00ed.<\/p>\n<p style=\"text-align: justify;\">Apreciada por su calidad humana, compromiso social y su amor por su tierra la se\u00f1ora Rosita se distingui\u00f3 por su trato amable y vocaci\u00f3n de servicio, dejando huella entre quienes la conocieron y compartieron espacios de trabajo y amistad.<\/p>\n<p>Por: Claudio Ibarra<\/p>\n","protected":false},"excerpt":{"rendered":"<p>SLP.- Luego de su lamentable fallecimiento se llev\u00f3 a cabo la misa de cuerpo presente en memoria de la se\u00f1ora Rosa Mar\u00eda Garc\u00eda de Valladares, efectuada en la Parroquia de la Sagrada Familia. La familia Garc\u00eda Valladares se vio acompa\u00f1ada en estos momentos dif\u00edciles por familiares y amigos que hicieron patente sus muestras de solidaridad. Familiares, amistades y distintos sectores de la sociedad expresaron su pesar por esta irreparable p\u00e9rdida al coincidir que su legado permanecer\u00e1 en la memoria de San Luis Potos\u00ed. Apreciada por su calidad humana, compromiso social y su amor por su tierra la se\u00f1ora Rosita se [&hellip;]<\/p>\n","protected":false},"author":2,"featured_media":194774,"comment_status":"closed","ping_status":"closed","sticky":false,"template":"","format":"video","meta":{"_monsterinsights_skip_tracking":false,"_monsterinsights_sitenote_active":false,"_monsterinsights_sitenote_note":"","_monsterinsights_sitenote_category":0,"footnotes":""},"categories":[5,45],"tags":[],"class_list":["post-194758","post","type-post","status-publish","format-video","has-post-thumbnail","hentry","category-destacadas","category-localesyregionales","post_format-post-format-video","post--single"],"_links":{"self":[{"href":"https:\/\/canal7slp.tv\/2026\/wp-json\/wp\/v2\/posts\/194758","targetHints":{"allow":["GET"]}}],"collection":[{"href":"https:\/\/canal7slp.tv\/2026\/wp-json\/wp\/v2\/posts"}],"about":[{"href":"https:\/\/canal7slp.tv\/2026\/wp-json\/wp\/v2\/types\/post"}],"author":[{"embeddable":true,"href":"https:\/\/canal7slp.tv\/2026\/wp-json\/wp\/v2\/users\/2"}],"replies":[{"embeddable":true,"href":"https:\/\/canal7slp.tv\/2026\/wp-json\/wp\/v2\/comments?post=194758"}],"version-history":[{"count":2,"href":"https:\/\/canal7slp.tv\/2026\/wp-json\/wp\/v2\/posts\/194758\/revisions"}],"predecessor-version":[{"id":194775,"href":"https:\/\/canal7slp.tv\/2026\/wp-json\/wp\/v2\/posts\/194758\/revisions\/194775"}],"wp:featuredmedia":[{"embeddable":true,"href":"https:\/\/canal7slp.tv\/2026\/wp-json\/wp\/v2\/media\/194774"}],"wp:attachment":[{"href":"https:\/\/canal7slp.tv\/2026\/wp-json\/wp\/v2\/media?parent=194758"}],"wp:term":[{"taxonomy":"category","embeddable":true,"href":"https:\/\/canal7slp.tv\/2026\/wp-json\/wp\/v2\/categories?post=194758"},{"taxonomy":"post_tag","embeddable":true,"href":"https:\/\/canal7slp.tv\/2026\/wp-json\/wp\/v2\/tags?post=194758"}],"curies":[{"name":"wp","href":"https:\/\/api.w.org\/{rel}","templated":true}]}}