{"id":194744,"date":"2026-03-03T17:42:26","date_gmt":"2026-03-03T23:42:26","guid":{"rendered":"https:\/\/canal7slp.tv\/2026\/?p=194744"},"modified":"2026-03-03T17:42:26","modified_gmt":"2026-03-03T23:42:26","slug":"veronica-rodriguez-acuso-a-claudia-sheinbaum-de-proteger-opacas-finanzas-de-administracion-del-expresidente-amlo","status":"publish","type":"post","link":"https:\/\/canal7slp.tv\/2026\/veronica-rodriguez-acuso-a-claudia-sheinbaum-de-proteger-opacas-finanzas-de-administracion-del-expresidente-amlo\/","title":{"rendered":"Ver\u00f3nica Rodr\u00edguez acus\u00f3 a Claudia Sheinbaum de proteger opacas finanzas de administraci\u00f3n del expresidente AMLO"},"content":{"rendered":"<p style=\"text-align: justify;\">SLP.- La presidenta del Comit\u00e9 Directivo Estatal del Partido Acci\u00f3n Nacional, Ver\u00f3nica Rodr\u00edguez Hern\u00e1ndez, expuso su opini\u00f3n con respecto la observaci\u00f3n de parte de la Auditoria Superior de la Federaci\u00f3n, al \u00faltimo a\u00f1o de gobierno del expresidente, Andr\u00e9s Manuel L\u00f3pez Obrador.<\/p>\n<p style=\"text-align: justify;\">\u201cHoy vemos que la Auditoria Superior de la Federaci\u00f3n, se\u00f1ala y confirma que el \u00faltimo a\u00f1o de Andr\u00e9s Manuel L\u00f3pez Obrador cerr\u00f3 con irregularidades por m\u00e1s de 165 mil millones de pesos, de esa cantidad solo se ha podido recuperar cinco millones\u201d.<\/p>\n<p style=\"text-align: justify;\">Se\u00f1al\u00f3 a la presidenta de la Rep\u00fablica Mexicana, Claudia Sheinbaum Pardo, de encubrir \u201cdesfalcos\u201d econ\u00f3micos del sexenio de Andr\u00e9s Manuel L\u00f3pez Obrador.<\/p>\n<p style=\"text-align: justify;\">\u201cQue tenemos a una presidenta de la Rep\u00fablica que parece que su principal funci\u00f3n es encubrir al pasado sexenio y no vemos que se\u00f1ale estas irregularidades, mucho vemos que est\u00e9 atenta y vigilante de que esto se investigue y se sancione\u201d.<\/p>\n<p style=\"text-align: justify;\">Asever\u00f3 que con el recurso observado se pudo haber generado un gran beneficio para los mexicanos.<\/p>\n<p style=\"text-align: justify;\">\u201cImag\u00ednense ustedes si ese dinero hubiera llegado realmente a los hospitales, a las escuelas y sobre todo, que ese dinero hubiese atendido las verdaderas necesidades en todo nuestro pa\u00eds\u201d.<\/p>\n<p style=\"text-align: justify;\">La Auditor\u00eda Superior de la Federaci\u00f3n report\u00f3 65 mil 169.1 millones de pesos pendientes por aclarar en la fiscalizaci\u00f3n de la Cuenta P\u00fablica 2024, de acuerdo con el Informe del Resultado de la Fiscalizaci\u00f3n, ese monto por aclarar, se refiere a recursos que carecieron de documentaci\u00f3n comprobatoria o justificativa.<\/p>\n<p>Por: Juan Carlos Contreras<\/p>\n","protected":false},"excerpt":{"rendered":"<p>SLP.- La presidenta del Comit\u00e9 Directivo Estatal del Partido Acci\u00f3n Nacional, Ver\u00f3nica Rodr\u00edguez Hern\u00e1ndez, expuso su opini\u00f3n con respecto la observaci\u00f3n de parte de la Auditoria Superior de la Federaci\u00f3n, al \u00faltimo a\u00f1o de gobierno del expresidente, Andr\u00e9s Manuel L\u00f3pez Obrador. \u201cHoy vemos que la Auditoria Superior de la Federaci\u00f3n, se\u00f1ala y confirma que el \u00faltimo a\u00f1o de Andr\u00e9s Manuel L\u00f3pez Obrador cerr\u00f3 con irregularidades por m\u00e1s de 165 mil millones de pesos, de esa cantidad solo se ha podido recuperar cinco millones\u201d. Se\u00f1al\u00f3 a la presidenta de la Rep\u00fablica Mexicana, Claudia Sheinbaum Pardo, de encubrir \u201cdesfalcos\u201d econ\u00f3micos del sexenio [&hellip;]<\/p>\n","protected":false},"author":2,"featured_media":194756,"comment_status":"closed","ping_status":"closed","sticky":false,"template":"","format":"video","meta":{"_monsterinsights_skip_tracking":false,"_monsterinsights_sitenote_active":false,"_monsterinsights_sitenote_note":"","_monsterinsights_sitenote_category":0,"footnotes":""},"categories":[5,45],"tags":[],"class_list":["post-194744","post","type-post","status-publish","format-video","has-post-thumbnail","hentry","category-destacadas","category-localesyregionales","post_format-post-format-video","post--single"],"_links":{"self":[{"href":"https:\/\/canal7slp.tv\/2026\/wp-json\/wp\/v2\/posts\/194744","targetHints":{"allow":["GET"]}}],"collection":[{"href":"https:\/\/canal7slp.tv\/2026\/wp-json\/wp\/v2\/posts"}],"about":[{"href":"https:\/\/canal7slp.tv\/2026\/wp-json\/wp\/v2\/types\/post"}],"author":[{"embeddable":true,"href":"https:\/\/canal7slp.tv\/2026\/wp-json\/wp\/v2\/users\/2"}],"replies":[{"embeddable":true,"href":"https:\/\/canal7slp.tv\/2026\/wp-json\/wp\/v2\/comments?post=194744"}],"version-history":[{"count":3,"href":"https:\/\/canal7slp.tv\/2026\/wp-json\/wp\/v2\/posts\/194744\/revisions"}],"predecessor-version":[{"id":194771,"href":"https:\/\/canal7slp.tv\/2026\/wp-json\/wp\/v2\/posts\/194744\/revisions\/194771"}],"wp:featuredmedia":[{"embeddable":true,"href":"https:\/\/canal7slp.tv\/2026\/wp-json\/wp\/v2\/media\/194756"}],"wp:attachment":[{"href":"https:\/\/canal7slp.tv\/2026\/wp-json\/wp\/v2\/media?parent=194744"}],"wp:term":[{"taxonomy":"category","embeddable":true,"href":"https:\/\/canal7slp.tv\/2026\/wp-json\/wp\/v2\/categories?post=194744"},{"taxonomy":"post_tag","embeddable":true,"href":"https:\/\/canal7slp.tv\/2026\/wp-json\/wp\/v2\/tags?post=194744"}],"curies":[{"name":"wp","href":"https:\/\/api.w.org\/{rel}","templated":true}]}}