{"id":194713,"date":"2026-03-03T15:00:07","date_gmt":"2026-03-03T21:00:07","guid":{"rendered":"https:\/\/canal7slp.tv\/2026\/?p=194713"},"modified":"2026-03-03T15:00:07","modified_gmt":"2026-03-03T21:00:07","slug":"iran-suspende-exportaciones-de-productos-alimentarios-y-agricolas","status":"publish","type":"post","link":"https:\/\/canal7slp.tv\/2026\/iran-suspende-exportaciones-de-productos-alimentarios-y-agricolas\/","title":{"rendered":"Ir\u00e1n suspende exportaciones de productos alimentarios y agr\u00edcolas"},"content":{"rendered":"<p style=\"text-align: justify;\">Teher\u00e1n.- El Gobierno de Ir\u00e1n ha ordenado la suspensi\u00f3n de las exportaciones de productos alimentarios y agr\u00edcolas en respuesta al conflicto que atraviesa la naci\u00f3n, seg\u00fan inform\u00f3 este martes la agencia iran\u00ed Tasnim, cercana a la Guardia Revolucionaria Isl\u00e1mica.<\/p>\n<p style=\"text-align: justify;\">Esta medida, que se mantendr\u00e1 \u00abhasta nuevo aviso\u00bb, busca garantizar el suministro interno y asegurar que la poblaci\u00f3n tenga acceso a bienes b\u00e1sicos considerados esenciales en la actual coyuntura cr\u00edtica del pa\u00eds.<\/p>\n<p style=\"text-align: justify;\">La decisi\u00f3n llega en un momento en que la inflaci\u00f3n y el aumento de precios en el mercado local han generado descontento social, lo que desencaden\u00f3 protestas en diciembre del a\u00f1o pasado.<\/p>\n<p style=\"text-align: justify;\">Estas manifestaciones fueron reprimidas de manera violenta, resultando en miles de muertes.<\/p>\n<p style=\"text-align: justify;\">En medio de esta situaci\u00f3n, Ir\u00e1n se encuentra en el cuarto d\u00eda de combates desde que Estados Unidos e Israel lanzaron ataques contra la Rep\u00fablica Isl\u00e1mica, lo que ha desencadenado una guerra que afecta a toda la regi\u00f3n y ha reactivado el conflicto en el L\u00edbano.<\/p>\n","protected":false},"excerpt":{"rendered":"<p>Teher\u00e1n.- El Gobierno de Ir\u00e1n ha ordenado la suspensi\u00f3n de las exportaciones de productos alimentarios y agr\u00edcolas en respuesta al conflicto que atraviesa la naci\u00f3n, seg\u00fan inform\u00f3 este martes la agencia iran\u00ed Tasnim, cercana a la Guardia Revolucionaria Isl\u00e1mica. Esta medida, que se mantendr\u00e1 \u00abhasta nuevo aviso\u00bb, busca garantizar el suministro interno y asegurar que la poblaci\u00f3n tenga acceso a bienes b\u00e1sicos considerados esenciales en la actual coyuntura cr\u00edtica del pa\u00eds. La decisi\u00f3n llega en un momento en que la inflaci\u00f3n y el aumento de precios en el mercado local han generado descontento social, lo que desencaden\u00f3 protestas en diciembre [&hellip;]<\/p>\n","protected":false},"author":2,"featured_media":194714,"comment_status":"closed","ping_status":"closed","sticky":false,"template":"","format":"standard","meta":{"_monsterinsights_skip_tracking":false,"_monsterinsights_sitenote_active":false,"_monsterinsights_sitenote_note":"","_monsterinsights_sitenote_category":0,"footnotes":""},"categories":[44],"tags":[],"class_list":["post-194713","post","type-post","status-publish","format-standard","has-post-thumbnail","hentry","category-internacional","post--single"],"_links":{"self":[{"href":"https:\/\/canal7slp.tv\/2026\/wp-json\/wp\/v2\/posts\/194713","targetHints":{"allow":["GET"]}}],"collection":[{"href":"https:\/\/canal7slp.tv\/2026\/wp-json\/wp\/v2\/posts"}],"about":[{"href":"https:\/\/canal7slp.tv\/2026\/wp-json\/wp\/v2\/types\/post"}],"author":[{"embeddable":true,"href":"https:\/\/canal7slp.tv\/2026\/wp-json\/wp\/v2\/users\/2"}],"replies":[{"embeddable":true,"href":"https:\/\/canal7slp.tv\/2026\/wp-json\/wp\/v2\/comments?post=194713"}],"version-history":[{"count":1,"href":"https:\/\/canal7slp.tv\/2026\/wp-json\/wp\/v2\/posts\/194713\/revisions"}],"predecessor-version":[{"id":194715,"href":"https:\/\/canal7slp.tv\/2026\/wp-json\/wp\/v2\/posts\/194713\/revisions\/194715"}],"wp:featuredmedia":[{"embeddable":true,"href":"https:\/\/canal7slp.tv\/2026\/wp-json\/wp\/v2\/media\/194714"}],"wp:attachment":[{"href":"https:\/\/canal7slp.tv\/2026\/wp-json\/wp\/v2\/media?parent=194713"}],"wp:term":[{"taxonomy":"category","embeddable":true,"href":"https:\/\/canal7slp.tv\/2026\/wp-json\/wp\/v2\/categories?post=194713"},{"taxonomy":"post_tag","embeddable":true,"href":"https:\/\/canal7slp.tv\/2026\/wp-json\/wp\/v2\/tags?post=194713"}],"curies":[{"name":"wp","href":"https:\/\/api.w.org\/{rel}","templated":true}]}}